{"id":187022,"date":"2021-08-17T17:58:20","date_gmt":"2021-08-17T20:58:20","guid":{"rendered":"https:\/\/diarioregionaldigital.com.br\/?p=187022"},"modified":"2021-08-17T17:58:20","modified_gmt":"2021-08-17T20:58:20","slug":"refrigeradores-reduzirao-gastos-de-energia-em-mais-de-r-30-bilhoes","status":"publish","type":"post","link":"https:\/\/diarioregionaldigital.com.br\/?p=187022","title":{"rendered":"Refrigeradores reduzir\u00e3o gastos de energia em mais de R$ 30 bilh\u00f5es"},"content":{"rendered":"<p>Os laborat\u00f3rios e empresas certificadoras de todo o Brasil j\u00e1 est\u00e3o preparados e com a infraestrutura adequada para adotar todos os crit\u00e9rios estabelecidos pela nova Portaria 332 do Instituto Nacional de Metrologia, Qualidade e Tecnologia (Inmetro), publicada neste m\u00eas de agosto, que estabeleceu novas regras para a classifica\u00e7\u00e3o de refrigeradores comercializados no pa\u00eds. Haver\u00e1 maior efici\u00eancia dos produtos e economia superior a R$ 30 bilh\u00f5es para os consumidores na conta de energia.<img decoding=\"async\" src=\"https:\/\/agenciabrasil.ebc.com.br\/ebc.png?id=1418736&amp;o=node\" \/><img decoding=\"async\" src=\"https:\/\/agenciabrasil.ebc.com.br\/ebc.gif?id=1418736&amp;o=node\" \/><\/p>\n<p>A partir de 1\u00ba de setembro deste ano, os testes nos laborat\u00f3rios acreditados pela autarquia se tornar\u00e3o mais rigorosos, bem como ser\u00e3o elevados os n\u00edveis de qualidade dos equipamentos, visando se adequar \u00e0s orienta\u00e7\u00f5es das Na\u00e7\u00f5es Unidas para regulamenta\u00e7\u00e3o em efici\u00eancia energ\u00e9tica dos refrigeradores, dispostas no Guia da \u2018United por Efficiency\u2019 (U4E). Parceria p\u00fablico-privada liderada pelo Programa das Na\u00e7\u00f5es Unidas para o Meio Ambiente (Pnuma), o U4E se concentra principalmente em pa\u00edses em desenvolvimento e economias emergentes, onde a demanda por eletricidade dever\u00e1 mais do que dobrar at\u00e9 2030.<\/p>\n<p>A partir de 1\u00ba de julho de 2022, haver\u00e1 tr\u00eas novas classifica\u00e7\u00f5es de refrigeradores. As geladeiras mais eficientes ser\u00e3o classificadas em A+++, mostrando efici\u00eancia de at\u00e9 30% em rela\u00e7\u00e3o \u00e0 atual classifica\u00e7\u00e3o A; A++, indicando 20% a menos no consumo; e A+, com economia de 10%.<\/p>\n<p>Segundo o Inmetro, ao optar por uma geladeira A+++ de duas portas de degelo autom\u00e1tico (<em>frost-free<\/em>) de volume ajustado de 500 litros, ou volume interno \u00fatil em torno de 350 litros, que corresponde a 80% do mercado nacional, o consumidor pode economizar cerca de 13 quilowatts-hora (kWh) por m\u00eas, o que representa economia para ele de R$ 10,14, considerando uma tarifa m\u00e9dia, acrescida de impostos, de R$ 0,78 por kWh. At\u00e9 2035, o Inmetro estima que haver\u00e1 economia de R$ 32,25 bilh\u00f5es na conta de energia dos brasileiros, ao longo do processo de atualiza\u00e7\u00e3o do Programa Brasileiro de Etiquetagem (PBE) para refrigeradores comercializados no Brasil.<\/p>\n<p>Em 31 de dezembro de 2025, quando passa a vigorar a segunda fase do aperfei\u00e7oamento, ser\u00e3o eliminadas as subclasses e o novo A ser\u00e1 ainda mais rigoroso, advertiu o Inmetro. Os n\u00edveis das classes passam a ser definidos com base nas recomenda\u00e7\u00f5es das Na\u00e7\u00f5es Unidas para regulamenta\u00e7\u00e3o em efici\u00eancia energ\u00e9tica para refrigeradores, com a aplica\u00e7\u00e3o de fatores de corre\u00e7\u00e3o \u00e0 realidade nacional. O consumo das geladeiras fabricadas no Brasil, atualmente de classifica\u00e7\u00e3o A, ter\u00e1 de ser reduzido em 40%, em m\u00e9dia, para que possa permanecer A em 2025.<\/p>\n<p><strong>Mais efici\u00eancia<\/strong><\/p>\n<p>O vice-presidente de Laborat\u00f3rios da Associa\u00e7\u00e3o Brasileira de Avalia\u00e7\u00e3o da Conformidade (Abrac), Israel Teixeira, disse que a partir de 31 de dezembro de 2030, o n\u00edvel de efici\u00eancia dos refrigeradores dever\u00e1 ser de 61% em rela\u00e7\u00e3o ao consumo dos refrigeradores fabricados no pa\u00eds e classificados atualmente em n\u00edvel A de efici\u00eancia. Teixeira destacou que em momentos em que ocorrem crises h\u00eddricas, h\u00e1 a quest\u00e3o da gera\u00e7\u00e3o de energia por termel\u00e9tricas de outras matrizes que t\u00eam custos ambientais associados. Fundada em 2009, a Abrac re\u00fane em torno de 200 empresas e laborat\u00f3rios de ensaio e calibra\u00e7\u00e3o associados, respons\u00e1veis pela avalia\u00e7\u00e3o da conformidade de produtos e sistemas, acreditados pelo Inmetro e espalhados por todo o Brasil.<\/p>\n<p>Israel Teixeira explicou que a energia el\u00e9trica \u00e9 um custo importante dentro do or\u00e7amento das fam\u00edlias. Por isso, todo valor que diminui no custo de energia impacta positivamente no or\u00e7amento das fam\u00edlias. Ele acredita que novas portarias do Inmetro ser\u00e3o baixadas, tornando cada vez mais exigente o n\u00edvel de efici\u00eancia dos eletrodom\u00e9sticos em geral, \u201ccom o objetivo de se ter uma melhor efici\u00eancia energ\u00e9tica. Essa \u00e9 uma din\u00e2mica constante\u201d.<\/p>\n<p><strong>Seguran\u00e7a<\/strong><\/p>\n<p>A nova portaria de refrigeradores preserva requisitos de seguran\u00e7a destinados a evitar os chamados \u201cacidentes de consumo\u201d. \u201cPor exemplo, riscos como choque el\u00e9trico, amea\u00e7a de queimaduras, propaga\u00e7\u00e3o de fogo. Enfim, todos os riscos associados a esses aparelhos que s\u00e3o alimentados por energia\u201d. O Brasil adotou regulamentos com o objetivo de proteger a sociedade de eventuais acidentes com les\u00e3o ao usu\u00e1rio final. \u201cO Inmetro possui, em n\u00edvel de Am\u00e9rica Central e do Sul, um certo protagonismo em regulamentos para a seguran\u00e7a do consumidor final\u201d, disse o vice-presidente de Laborat\u00f3rios da Abrac.<\/p>\n<p>A nova Portaria 332 vai substituir, a partir do dia 1\u00ba de setembro pr\u00f3ximo, a antiga Portaria 577\/2015.<\/p>\n<p><span style=\"font-weight: 400;\">Fonte: Ag\u00eancia Brasil <\/span><\/p>\n","protected":false},"excerpt":{"rendered":"<p>Os laborat\u00f3rios e empresas certificadoras de todo o Brasil j\u00e1 est\u00e3o preparados e com a infraestrutura adequada para adotar todos os crit\u00e9rios estabelecidos pela nova Portaria 332 do Instituto Nacional de Metrologia, Qualidade e Tecnologia (Inmetro), publicada neste m\u00eas de agosto, que estabeleceu novas regras para a classifica\u00e7\u00e3o de refrigeradores comercializados no pa\u00eds. Haver\u00e1 maior [&hellip;]<\/p>\n","protected":false},"author":246,"featured_media":187023,"comment_status":"closed","ping_status":"closed","sticky":false,"template":"","format":"standard","meta":{"footnotes":""},"categories":[436,261,439],"tags":[],"class_list":["post-187022","post","type-post","status-publish","format-standard","has-post-thumbnail","hentry","category-destaque-da-semana","category-economia","category-ultima-hora"],"_links":{"self":[{"href":"https:\/\/diarioregionaldigital.com.br\/index.php?rest_route=\/wp\/v2\/posts\/187022","targetHints":{"allow":["GET"]}}],"collection":[{"href":"https:\/\/diarioregionaldigital.com.br\/index.php?rest_route=\/wp\/v2\/posts"}],"about":[{"href":"https:\/\/diarioregionaldigital.com.br\/index.php?rest_route=\/wp\/v2\/types\/post"}],"author":[{"embeddable":true,"href":"https:\/\/diarioregionaldigital.com.br\/index.php?rest_route=\/wp\/v2\/users\/246"}],"replies":[{"embeddable":true,"href":"https:\/\/diarioregionaldigital.com.br\/index.php?rest_route=%2Fwp%2Fv2%2Fcomments&post=187022"}],"version-history":[{"count":1,"href":"https:\/\/diarioregionaldigital.com.br\/index.php?rest_route=\/wp\/v2\/posts\/187022\/revisions"}],"predecessor-version":[{"id":187024,"href":"https:\/\/diarioregionaldigital.com.br\/index.php?rest_route=\/wp\/v2\/posts\/187022\/revisions\/187024"}],"wp:featuredmedia":[{"embeddable":true,"href":"https:\/\/diarioregionaldigital.com.br\/index.php?rest_route=\/wp\/v2\/media\/187023"}],"wp:attachment":[{"href":"https:\/\/diarioregionaldigital.com.br\/index.php?rest_route=%2Fwp%2Fv2%2Fmedia&parent=187022"}],"wp:term":[{"taxonomy":"category","embeddable":true,"href":"https:\/\/diarioregionaldigital.com.br\/index.php?rest_route=%2Fwp%2Fv2%2Fcategories&post=187022"},{"taxonomy":"post_tag","embeddable":true,"href":"https:\/\/diarioregionaldigital.com.br\/index.php?rest_route=%2Fwp%2Fv2%2Ftags&post=187022"}],"curies":[{"name":"wp","href":"https:\/\/api.w.org\/{rel}","templated":true}]}}