{"id":187019,"date":"2021-08-17T17:55:15","date_gmt":"2021-08-17T20:55:15","guid":{"rendered":"https:\/\/diarioregionaldigital.com.br\/?p=187019"},"modified":"2021-08-17T17:55:15","modified_gmt":"2021-08-17T20:55:15","slug":"silva-e-luna-destaca-eficiencia-da-petrobras-na-transicao-energetica","status":"publish","type":"post","link":"https:\/\/diarioregionaldigital.com.br\/?p=187019","title":{"rendered":"Silva e Luna destaca efici\u00eancia da Petrobras na transi\u00e7\u00e3o energ\u00e9tica"},"content":{"rendered":"<p>O presidente da Petrobras, Joaquim Silva e Luna destacou, em entrevista coletiva na Offshore Technology Conference (OTC), em Houston, nos Estados Unidos, o papel da estatal no contexto da transi\u00e7\u00e3o energ\u00e9tica. Segundo Luna, a efici\u00eancia operacional em gases de efeito estufa \u00e9 uma das quatro m\u00e9tricas de topo da companhia, que influenciam a remunera\u00e7\u00e3o de todos os executivos e empregados. \u201cComo resultado do esfor\u00e7o que vem sendo feito pela companhia, as emiss\u00f5es para cada barril produzido pela Petrobras ca\u00edram praticamente \u00e0 metade nos \u00faltimos 11 anos\u201d, afirmou.<\/p>\n<p>\u201cTodas as nossas a\u00e7\u00f5es est\u00e3o voltadas para produ\u00e7\u00e3o com baixo carbono, tanto na fase de explora\u00e7\u00e3o e produ\u00e7\u00e3o quanto na fase de refino. O nosso planejamento estrat\u00e9gico para 2022-2026 vai\u00a0novamente contemplar todas as a\u00e7\u00f5es com preocupa\u00e7\u00e3o n\u00e3o s\u00f3 com descarboniza\u00e7\u00e3o, mas tamb\u00e9m com o meio ambiente\u201d, enfatizou o presidente da Petrobras.<img decoding=\"async\" src=\"https:\/\/agenciabrasil.ebc.com.br\/ebc.png?id=1418756&amp;o=node\" \/><img decoding=\"async\" src=\"https:\/\/agenciabrasil.ebc.com.br\/ebc.gif?id=1418756&amp;o=node\" \/><\/p>\n<p>Silva e Luna destacou que a produ\u00e7\u00e3o no pr\u00e9-sal chegou a 2 milh\u00f5es de barris de \u00f3leo equivalente por dia no segundo trimestre de 2021, atingindo a marca de 70% do total extra\u00eddo pela empresa. \u201cDesta produ\u00e7\u00e3o, mais de 80% \u00e9 de petr\u00f3leo de baixo custo de produ\u00e7\u00e3o e baixo teor de emiss\u00f5es, o que confirma o potencial das gigantescas reservas no litoral do Brasil no novo contexto da ind\u00fastria do petr\u00f3leo\u201d. Os bons resultados no pr\u00e9-sal\u00a0comprovam o acerto da estrat\u00e9gia de investir firmemente no desenvolvimento do setor, acrescentou.<\/p>\n<p><strong>Campo de B\u00fazios<\/strong><\/p>\n<p>No encontro, foi realizada uma sess\u00e3o especial que detalhou as tecnologias desenvolvidas para viabilizar o Campo de B\u00fazios, que levaram a Petrobras a receber pela quarta vez o Distinguished Achievement Award for Companies, principal pr\u00eamio da ind\u00fastria mundial de petr\u00f3leo e g\u00e1s. De acordo com o gerente executivo de B\u00fazios, Marcio Kahn, esse campo tem o maior volume de petr\u00f3leo no portf\u00f3lio da Petrobras e tamb\u00e9m \u00e9 o maior campo de petr\u00f3leo em \u00e1guas profundas do mundo. &#8220;Esse campo ocupa uma \u00e1rea que \u00e9 maior do que a cidade de Nova York.\u201d<\/p>\n<p>Kahn destacou alguns dos resultados alcan\u00e7ados desde abril de 2018, quando foi iniciada a produ\u00e7\u00e3o no campo. \u201cEm 2020, ap\u00f3s menos de dois anos de opera\u00e7\u00e3o, o Campo de B\u00fazios ultrapassou a marca de produ\u00e7\u00e3o de 600 mil barris de petr\u00f3leo por dia, devido aos expressivos resultados operacionais e a um estudo t\u00e9cnico que permitiu que nossas unidades operassem acima da capacidade original.\u201d<\/p>\n<p>Outros recordes citados por Kahn foram a produ\u00e7\u00e3o m\u00e9dia atual por po\u00e7o de 36 mil barris por dia (com picos de at\u00e9 70 mil) e produ\u00e7\u00e3o acumulada de 100 milh\u00f5es de barris de \u00f3leo equivalente alcan\u00e7ada em apenas 18 meses. Segundo\u00a0 Kahn, essas marcas s\u00e3o mais relevantes diante dos complexos desafios do campo, com temperaturas e press\u00f5es elevadas nos reservat\u00f3rios, rochas heterog\u00eaneas que favoreciam a perda de fluidos durante a perfura\u00e7\u00e3o e fundo do mar muito acidentado, que dificultava a ancoragem das unidades de produ\u00e7\u00e3o. \u201cPara superar esses desafios, enquanto enfrent\u00e1vamos forte restri\u00e7\u00e3o de investimentos, tivemos de desenvolver tecnologias inovadoras que nos permitissem, simultaneamente, melhorar a produtividade, seguran\u00e7a e reduzir custos\u201d, explicou.<\/p>\n<p>Kahn elogiou o trabalho do corpo t\u00e9cnico da Petrobras e de seus parceiros. \u201cA experi\u00eancia t\u00e9cnica do nosso time, desenvolvida ao logo de d\u00e9cadas, foi indispens\u00e1vel para alcan\u00e7armos feitos t\u00e3o incr\u00edveis. A coopera\u00e7\u00e3o e colabora\u00e7\u00e3o com fornecedores, universidades e pesquisadores tamb\u00e9m foram extremamente valiosas e abriram caminho para inova\u00e7\u00e3o e conquistas&#8221;, afirmou.<\/p>\n<p><span style=\"font-weight: 400;\">Fonte: Ag\u00eancia Brasil <\/span><\/p>\n","protected":false},"excerpt":{"rendered":"<p>O presidente da Petrobras, Joaquim Silva e Luna destacou, em entrevista coletiva na Offshore Technology Conference (OTC), em Houston, nos Estados Unidos, o papel da estatal no contexto da transi\u00e7\u00e3o energ\u00e9tica. Segundo Luna, a efici\u00eancia operacional em gases de efeito estufa \u00e9 uma das quatro m\u00e9tricas de topo da companhia, que influenciam a remunera\u00e7\u00e3o de [&hellip;]<\/p>\n","protected":false},"author":246,"featured_media":187020,"comment_status":"closed","ping_status":"closed","sticky":false,"template":"","format":"standard","meta":{"footnotes":""},"categories":[436,261,439],"tags":[],"class_list":["post-187019","post","type-post","status-publish","format-standard","has-post-thumbnail","hentry","category-destaque-da-semana","category-economia","category-ultima-hora"],"_links":{"self":[{"href":"https:\/\/diarioregionaldigital.com.br\/index.php?rest_route=\/wp\/v2\/posts\/187019","targetHints":{"allow":["GET"]}}],"collection":[{"href":"https:\/\/diarioregionaldigital.com.br\/index.php?rest_route=\/wp\/v2\/posts"}],"about":[{"href":"https:\/\/diarioregionaldigital.com.br\/index.php?rest_route=\/wp\/v2\/types\/post"}],"author":[{"embeddable":true,"href":"https:\/\/diarioregionaldigital.com.br\/index.php?rest_route=\/wp\/v2\/users\/246"}],"replies":[{"embeddable":true,"href":"https:\/\/diarioregionaldigital.com.br\/index.php?rest_route=%2Fwp%2Fv2%2Fcomments&post=187019"}],"version-history":[{"count":1,"href":"https:\/\/diarioregionaldigital.com.br\/index.php?rest_route=\/wp\/v2\/posts\/187019\/revisions"}],"predecessor-version":[{"id":187021,"href":"https:\/\/diarioregionaldigital.com.br\/index.php?rest_route=\/wp\/v2\/posts\/187019\/revisions\/187021"}],"wp:featuredmedia":[{"embeddable":true,"href":"https:\/\/diarioregionaldigital.com.br\/index.php?rest_route=\/wp\/v2\/media\/187020"}],"wp:attachment":[{"href":"https:\/\/diarioregionaldigital.com.br\/index.php?rest_route=%2Fwp%2Fv2%2Fmedia&parent=187019"}],"wp:term":[{"taxonomy":"category","embeddable":true,"href":"https:\/\/diarioregionaldigital.com.br\/index.php?rest_route=%2Fwp%2Fv2%2Fcategories&post=187019"},{"taxonomy":"post_tag","embeddable":true,"href":"https:\/\/diarioregionaldigital.com.br\/index.php?rest_route=%2Fwp%2Fv2%2Ftags&post=187019"}],"curies":[{"name":"wp","href":"https:\/\/api.w.org\/{rel}","templated":true}]}}