{"id":187009,"date":"2021-08-17T17:40:00","date_gmt":"2021-08-17T20:40:00","guid":{"rendered":"https:\/\/diarioregionaldigital.com.br\/?p=187009"},"modified":"2021-08-17T17:40:00","modified_gmt":"2021-08-17T20:40:00","slug":"pcmg-deflagra-operacao-de-combate-ao-trafico-e-prende-dois-suspeitos","status":"publish","type":"post","link":"https:\/\/diarioregionaldigital.com.br\/?p=187009","title":{"rendered":"PCMG deflagra opera\u00e7\u00e3o de combate ao tr\u00e1fico e prende dois suspeitos"},"content":{"rendered":"<p>Na segunda-feira, 16\/8, a Pol\u00edcia Civil de Minas Gerais realizou uma opera\u00e7\u00e3o policial para combater o tr\u00e1fico de drogas, na Zona Sudeste do munic\u00edpio de Juiz de Fora, na Zona da Mata mineira, onde dois suspeitos -um rapaz de 23 anos e uma jovem de 22 anos &#8211; foram presos. A a\u00e7\u00e3o resultou na pris\u00e3o do casal pela pr\u00e1tica dos crimes de tr\u00e1fico e de associa\u00e7\u00e3o para o tr\u00e1fico e na apreens\u00e3o de droga &#8211; inclusive de um kit que seria vendido ao usu\u00e1rio contendo maconha e papel de seda &#8211; e de outros materiais, no Bairro Tiguera.<\/p>\n<p>Conforme informa\u00e7\u00f5es da assessoria, as apura\u00e7\u00f5es indicaram que o investigado utilizava as redes sociais para realizar a venda de entorpecentes. \u201cEle ainda se gabava em suas postagens com a venda de um kit que viria com 25 gramas de maconha e uma caixinha de papel de seda\u201d, explica o delegado, informando que, ap\u00f3s trabalhos investigativos, foi poss\u00edvel abordar o rapaz no momento em que ele realizaria a entrega dessa droga. \u201cNo interior da resid\u00eancia dele, anda foram localizados mais por\u00e7\u00f5es de maconha e papeis desse tipo de seda\u201d, conta o titular da Delegacia Especializada de Combate ao Narcotr\u00e1fico, delegado Rafael Gomes, explicando que a mulher tamb\u00e9m foi presa no local.<\/p>\n<p>Os dois suspeitos foram encaminhados \u00e0 unidade policial, onde tiveram os flagrantes ratificados. Posteriormente, foram encaminhados ao sistema prisional, permanecendo \u00e0 disposi\u00e7\u00e3o da Justi\u00e7a.<\/p>\n","protected":false},"excerpt":{"rendered":"<p>Na segunda-feira, 16\/8, a Pol\u00edcia Civil de Minas Gerais realizou uma opera\u00e7\u00e3o policial para combater o tr\u00e1fico de drogas, na Zona Sudeste do munic\u00edpio de Juiz de Fora, na Zona da Mata mineira, onde dois suspeitos -um rapaz de 23 anos e uma jovem de 22 anos &#8211; foram presos. A a\u00e7\u00e3o resultou na pris\u00e3o [&hellip;]<\/p>\n","protected":false},"author":246,"featured_media":187010,"comment_status":"closed","ping_status":"closed","sticky":false,"template":"","format":"standard","meta":{"footnotes":""},"categories":[301,1229],"tags":[],"class_list":["post-187009","post","type-post","status-publish","format-standard","has-post-thumbnail","hentry","category-artigos-policiais","category-policial"],"_links":{"self":[{"href":"https:\/\/diarioregionaldigital.com.br\/index.php?rest_route=\/wp\/v2\/posts\/187009","targetHints":{"allow":["GET"]}}],"collection":[{"href":"https:\/\/diarioregionaldigital.com.br\/index.php?rest_route=\/wp\/v2\/posts"}],"about":[{"href":"https:\/\/diarioregionaldigital.com.br\/index.php?rest_route=\/wp\/v2\/types\/post"}],"author":[{"embeddable":true,"href":"https:\/\/diarioregionaldigital.com.br\/index.php?rest_route=\/wp\/v2\/users\/246"}],"replies":[{"embeddable":true,"href":"https:\/\/diarioregionaldigital.com.br\/index.php?rest_route=%2Fwp%2Fv2%2Fcomments&post=187009"}],"version-history":[{"count":2,"href":"https:\/\/diarioregionaldigital.com.br\/index.php?rest_route=\/wp\/v2\/posts\/187009\/revisions"}],"predecessor-version":[{"id":187012,"href":"https:\/\/diarioregionaldigital.com.br\/index.php?rest_route=\/wp\/v2\/posts\/187009\/revisions\/187012"}],"wp:featuredmedia":[{"embeddable":true,"href":"https:\/\/diarioregionaldigital.com.br\/index.php?rest_route=\/wp\/v2\/media\/187010"}],"wp:attachment":[{"href":"https:\/\/diarioregionaldigital.com.br\/index.php?rest_route=%2Fwp%2Fv2%2Fmedia&parent=187009"}],"wp:term":[{"taxonomy":"category","embeddable":true,"href":"https:\/\/diarioregionaldigital.com.br\/index.php?rest_route=%2Fwp%2Fv2%2Fcategories&post=187009"},{"taxonomy":"post_tag","embeddable":true,"href":"https:\/\/diarioregionaldigital.com.br\/index.php?rest_route=%2Fwp%2Fv2%2Ftags&post=187009"}],"curies":[{"name":"wp","href":"https:\/\/api.w.org\/{rel}","templated":true}]}}