{"id":186971,"date":"2021-08-16T19:31:45","date_gmt":"2021-08-16T22:31:45","guid":{"rendered":"https:\/\/diarioregionaldigital.com.br\/?p=186971"},"modified":"2021-08-16T19:31:45","modified_gmt":"2021-08-16T22:31:45","slug":"paralimpiada-de-toquio-nao-tera-espectadores-dizem-organizadores","status":"publish","type":"post","link":"https:\/\/diarioregionaldigital.com.br\/?p=186971","title":{"rendered":"Paralimp\u00edada de T\u00f3quio n\u00e3o ter\u00e1 espectadores, dizem organizadores"},"content":{"rendered":"<p>A Paralimp\u00edada de T\u00f3quio transcorrer\u00e1 de maneira geral sem espectadores, disseram organizadores nesta segunda-feira (16), j\u00e1 que o governo deve prorrogar as medidas de emerg\u00eancia contra a covid-19 na capital e em outras regi\u00f5es que sediar\u00e3o os Jogos.<\/p>\n<p>Segundo os organizadores, as regi\u00f5es ainda poder\u00e3o liberar alunos para os eventos, contanto que medidas de prote\u00e7\u00e3o da covid-19 sejam adotadas.<\/p>\n<p>A presidente da T\u00f3quio 2020, Seiko Hashimoto, pediu desculpas pela decis\u00e3o depois das conversas entre autoridades de governo, os organizadores de T\u00f3quio e representantes paral\u00edmpicos, pedindo \u00e0s pessoas que assistam os Jogos em casa e que evitem comparecer a eventos nas ruas.<\/p>\n<p>&#8220;Desculpamo-nos sinceramente a todos os portadores de ingressos que estavam esperando para acompanhar (a Paralimp\u00edada) nos locais de competi\u00e7\u00e3o, mas por favor entendam que foi inevit\u00e1vel implantar estas medidas para evitar a dissemina\u00e7\u00e3o da infec\u00e7\u00e3o&#8221;, disse Hashimoto.<\/p>\n<p>As competi\u00e7\u00f5es paral\u00edmpicas, que acontecer\u00e3o entre 24 de agosto e 5 de setembro, incluem nata\u00e7\u00e3o, t\u00eanis de mesa, esgrima e basquete em cadeira de rodas, e mais de 4 mil atletas devem participar.<\/p>\n<p>O governo do Jap\u00e3o deve prorrogar as medidas de lockdown de seu estado de emerg\u00eancia em T\u00f3quio e em outras regi\u00f5es at\u00e9 12 de setembro e ampliar as restri\u00e7\u00f5es a mais sete regi\u00f5es, noticiou a m\u00eddia na manh\u00e3 desta segunda-feira (16).<\/p>\n<p><span style=\"font-weight: 400;\"><br \/>\n<\/span><span style=\"font-weight: 400;\">Fonte: Ag\u00eancia Brasil <\/span><\/p>\n","protected":false},"excerpt":{"rendered":"<p>A Paralimp\u00edada de T\u00f3quio transcorrer\u00e1 de maneira geral sem espectadores, disseram organizadores nesta segunda-feira (16), j\u00e1 que o governo deve prorrogar as medidas de emerg\u00eancia contra a covid-19 na capital e em outras regi\u00f5es que sediar\u00e3o os Jogos. Segundo os organizadores, as regi\u00f5es ainda poder\u00e3o liberar alunos para os eventos, contanto que medidas de prote\u00e7\u00e3o [&hellip;]<\/p>\n","protected":false},"author":246,"featured_media":186972,"comment_status":"closed","ping_status":"closed","sticky":false,"template":"","format":"standard","meta":{"footnotes":""},"categories":[440,257,439],"tags":[],"class_list":["post-186971","post","type-post","status-publish","format-standard","has-post-thumbnail","hentry","category-destaques-do-dia","category-esporte","category-ultima-hora"],"_links":{"self":[{"href":"https:\/\/diarioregionaldigital.com.br\/index.php?rest_route=\/wp\/v2\/posts\/186971","targetHints":{"allow":["GET"]}}],"collection":[{"href":"https:\/\/diarioregionaldigital.com.br\/index.php?rest_route=\/wp\/v2\/posts"}],"about":[{"href":"https:\/\/diarioregionaldigital.com.br\/index.php?rest_route=\/wp\/v2\/types\/post"}],"author":[{"embeddable":true,"href":"https:\/\/diarioregionaldigital.com.br\/index.php?rest_route=\/wp\/v2\/users\/246"}],"replies":[{"embeddable":true,"href":"https:\/\/diarioregionaldigital.com.br\/index.php?rest_route=%2Fwp%2Fv2%2Fcomments&post=186971"}],"version-history":[{"count":1,"href":"https:\/\/diarioregionaldigital.com.br\/index.php?rest_route=\/wp\/v2\/posts\/186971\/revisions"}],"predecessor-version":[{"id":186973,"href":"https:\/\/diarioregionaldigital.com.br\/index.php?rest_route=\/wp\/v2\/posts\/186971\/revisions\/186973"}],"wp:featuredmedia":[{"embeddable":true,"href":"https:\/\/diarioregionaldigital.com.br\/index.php?rest_route=\/wp\/v2\/media\/186972"}],"wp:attachment":[{"href":"https:\/\/diarioregionaldigital.com.br\/index.php?rest_route=%2Fwp%2Fv2%2Fmedia&parent=186971"}],"wp:term":[{"taxonomy":"category","embeddable":true,"href":"https:\/\/diarioregionaldigital.com.br\/index.php?rest_route=%2Fwp%2Fv2%2Fcategories&post=186971"},{"taxonomy":"post_tag","embeddable":true,"href":"https:\/\/diarioregionaldigital.com.br\/index.php?rest_route=%2Fwp%2Fv2%2Ftags&post=186971"}],"curies":[{"name":"wp","href":"https:\/\/api.w.org\/{rel}","templated":true}]}}