{"id":186968,"date":"2021-08-16T19:25:47","date_gmt":"2021-08-16T22:25:47","guid":{"rendered":"https:\/\/diarioregionaldigital.com.br\/?p=186968"},"modified":"2021-08-16T19:25:47","modified_gmt":"2021-08-16T22:25:47","slug":"governo-apresenta-lote-ouro-preto-do-programa-de-concessoes-rodoviarias","status":"publish","type":"post","link":"https:\/\/diarioregionaldigital.com.br\/?p=186968","title":{"rendered":"Governo apresenta lote Ouro Preto do Programa de Concess\u00f5es Rodovi\u00e1rias"},"content":{"rendered":"<p>O\u00a0<a href=\"https:\/\/www.mg.gov.br\/\" target=\"_blank\" rel=\"noopener noreferrer\">Governo de Minas Gerais<\/a>, por meio da\u00a0<a href=\"http:\/\/www.infraestrutura.mg.gov.br\/\" target=\"_blank\" rel=\"noopener noreferrer\">Secretaria de Estado de Infraestrutura e Mobilidade (Seinfra)<\/a>, far\u00e1 audi\u00eancias p\u00fablicas presenciais para apresentar o lote Ouro Preto do Programa de Concess\u00f5es Rodovi\u00e1rias. A primeira sess\u00e3o ser\u00e1 na cidade de Ouro Preto, no dia 20\/8, \u00e0s 14h. J\u00e1 a segunda reuni\u00e3o est\u00e1 marcada para 23\/8, tamb\u00e9m \u00e0s 14h, em Ponte Nova.<\/p>\n<p>Devido \u00e0 pandemia, a participa\u00e7\u00e3o presencial seguir\u00e1 regras espec\u00edficas, considerando a limita\u00e7\u00e3o de espa\u00e7o e de pessoas, nos termos dos protocolos determinados pelo\u00a0<a href=\"https:\/\/www.mg.gov.br\/minasconsciente\" target=\"_blank\" rel=\"noopener noreferrer\">Minas Consciente<\/a>. Os interessados em acompanhar a reuni\u00e3o presencialmente devem se inscrever previamente no e-mail\u00a0<a href=\"mailto:lotesrodoviarios@infraestrutura.mg.gov.br\" target=\"_blank\" rel=\"noopener noreferrer\">lotesrodoviarios@infraestrutura.mg.gov.br<\/a>.<\/p>\n<p>A mensagem precisa ser encaminhada at\u00e9 as 18h do dia \u00fatil anterior \u00e0 audi\u00eancia e deve conter nome completo, endere\u00e7o de e-mail, telefone para contato e empresa\/entidade que representa, conforme regulamento dispon\u00edvel no\u00a0<a href=\"http:\/\/www.infraestrutura.mg.gov.br\/\" target=\"_blank\" rel=\"noopener noreferrer\">site da Seinfra<\/a>.<\/p>\n<p>Al\u00e9m da oportunidade de divulgar o projeto, as audi\u00eancias p\u00fablicas garantem mais transpar\u00eancia ao processo, sendo uma importante ferramenta de participa\u00e7\u00e3o dos cidad\u00e3os na constru\u00e7\u00e3o de pol\u00edticas p\u00fablicas junto ao governo.<\/p>\n<p>\u00c9 obrigat\u00f3rio o uso de m\u00e1scaras durante o evento, al\u00e9m do cumprimento de todas as medidas sanit\u00e1rias e de isolamento.<\/p>\n<p>A participa\u00e7\u00e3o no modo virtual ser\u00e1 integralmente acess\u00edvel ao p\u00fablico e por meio de transmiss\u00e3o ao vivo nos mesmos dias e hor\u00e1rios, no\u00a0<a href=\"https:\/\/www.youtube.com\/channel\/UCu1_wzSyzRuNmdsWvjBOMGA\" target=\"_blank\" rel=\"noopener noreferrer\">canal da Seinfra no YouTube<\/a>.<\/p>\n<p><strong>Lote Ouro Preto<\/strong><\/p>\n<p>O lote rodovi\u00e1rio Ouro Preto abrange as rodovias BR-356, MG-262 e MG-329, que, juntas, totalizam 190,3 quil\u00f4metros de extens\u00e3o. Os trechos s\u00e3o interceptados por 11 munic\u00edpios, sendo eles: Nova Lima, Rio Acima, Itabirito, Ouro Preto, Mariana, Acaiaca, Barra Longa, Ponte Nova, Uruc\u00e2nia, Piedade de Ponte Nova e Rio Casca.<\/p>\n<p>O projeto foi estruturado pelo\u00a0<a href=\"https:\/\/www.bdmg.mg.gov.br\/\" target=\"_blank\" rel=\"noopener noreferrer\">Banco de Desenvolvimento de Minas Gerais (BDMG)<\/a>\u00a0em parceria com o Banco Interamericano de Investimento (BID) e inclui recursos do governo japon\u00eas por meio do programa de prepara\u00e7\u00e3o de PPPs e concess\u00f5es.<\/p>\n<p><strong>Benef\u00edcios da concess\u00e3o<\/strong><\/p>\n<p>A expectativa com o Programa de Concess\u00f5es Rodovi\u00e1rias \u00e9 aprimorar a seguran\u00e7a vi\u00e1ria e a qualidade das estradas mineiras, com melhora dos indicadores.<\/p>\n<p>A concession\u00e1ria estar\u00e1 obrigada a fazer, j\u00e1 nos 12 primeiros meses, os investimentos iniciais. At\u00e9 o quinto ano de concess\u00e3o, a empresa deve realizar a recupera\u00e7\u00e3o de toda malha, garantindo a melhoria das condi\u00e7\u00f5es de tr\u00e1fego e seguran\u00e7a das estradas que est\u00e3o sob sua responsabilidade.<\/p>\n<p>Destacam-se a duplica\u00e7\u00e3o de 67 quil\u00f4metros da BR-356, a implanta\u00e7\u00e3o de 41 quil\u00f4metros de faixa adicional, a readequa\u00e7\u00e3o de 66 quil\u00f4metros de acostamento e a constru\u00e7\u00e3o de contorno em Cachoeira do Campo. O valor total de investimentos \u00e9 de cerca de R$ 1,9 bilh\u00e3o.<\/p>\n<p><strong>Consulta p\u00fablica<\/strong><\/p>\n<p>Tamb\u00e9m est\u00e1 em andamento a consulta p\u00fablica para o processo de concess\u00e3o do lote Ouro Preto. A popula\u00e7\u00e3o poder\u00e1 opinar sobre o projeto at\u00e9 o dia 30\/8\/2021 seguindo o modelo de questionamento disponibilizado no reposit\u00f3rio de arquivos do programa.\u00a0<a href=\"https:\/\/www2.bdmg.mg.gov.br\/Paginas\/data-room.aspx?RootFolder\" target=\"_blank\" rel=\"noopener noreferrer\">Clique aqui<\/a>\u00a0para acessar.<br \/>\n<span style=\"font-weight: 400;\"><br \/>\n<\/span><span style=\"font-weight: 400;\">Fonte: Ag\u00eancia Minas <\/span><\/p>\n","protected":false},"excerpt":{"rendered":"<p>O\u00a0Governo de Minas Gerais, por meio da\u00a0Secretaria de Estado de Infraestrutura e Mobilidade (Seinfra), far\u00e1 audi\u00eancias p\u00fablicas presenciais para apresentar o lote Ouro Preto do Programa de Concess\u00f5es Rodovi\u00e1rias. A primeira sess\u00e3o ser\u00e1 na cidade de Ouro Preto, no dia 20\/8, \u00e0s 14h. J\u00e1 a segunda reuni\u00e3o est\u00e1 marcada para 23\/8, tamb\u00e9m \u00e0s 14h, em [&hellip;]<\/p>\n","protected":false},"author":246,"featured_media":186969,"comment_status":"closed","ping_status":"closed","sticky":false,"template":"","format":"standard","meta":{"footnotes":""},"categories":[436,254,439],"tags":[],"class_list":["post-186968","post","type-post","status-publish","format-standard","has-post-thumbnail","hentry","category-destaque-da-semana","category-politica","category-ultima-hora"],"_links":{"self":[{"href":"https:\/\/diarioregionaldigital.com.br\/index.php?rest_route=\/wp\/v2\/posts\/186968","targetHints":{"allow":["GET"]}}],"collection":[{"href":"https:\/\/diarioregionaldigital.com.br\/index.php?rest_route=\/wp\/v2\/posts"}],"about":[{"href":"https:\/\/diarioregionaldigital.com.br\/index.php?rest_route=\/wp\/v2\/types\/post"}],"author":[{"embeddable":true,"href":"https:\/\/diarioregionaldigital.com.br\/index.php?rest_route=\/wp\/v2\/users\/246"}],"replies":[{"embeddable":true,"href":"https:\/\/diarioregionaldigital.com.br\/index.php?rest_route=%2Fwp%2Fv2%2Fcomments&post=186968"}],"version-history":[{"count":1,"href":"https:\/\/diarioregionaldigital.com.br\/index.php?rest_route=\/wp\/v2\/posts\/186968\/revisions"}],"predecessor-version":[{"id":186970,"href":"https:\/\/diarioregionaldigital.com.br\/index.php?rest_route=\/wp\/v2\/posts\/186968\/revisions\/186970"}],"wp:featuredmedia":[{"embeddable":true,"href":"https:\/\/diarioregionaldigital.com.br\/index.php?rest_route=\/wp\/v2\/media\/186969"}],"wp:attachment":[{"href":"https:\/\/diarioregionaldigital.com.br\/index.php?rest_route=%2Fwp%2Fv2%2Fmedia&parent=186968"}],"wp:term":[{"taxonomy":"category","embeddable":true,"href":"https:\/\/diarioregionaldigital.com.br\/index.php?rest_route=%2Fwp%2Fv2%2Fcategories&post=186968"},{"taxonomy":"post_tag","embeddable":true,"href":"https:\/\/diarioregionaldigital.com.br\/index.php?rest_route=%2Fwp%2Fv2%2Ftags&post=186968"}],"curies":[{"name":"wp","href":"https:\/\/api.w.org\/{rel}","templated":true}]}}