{"id":186955,"date":"2021-08-16T18:57:21","date_gmt":"2021-08-16T21:57:21","guid":{"rendered":"https:\/\/diarioregionaldigital.com.br\/?p=186955"},"modified":"2021-08-16T18:57:21","modified_gmt":"2021-08-16T21:57:21","slug":"cni-pequenas-industrias-apresentam-evolucao-positiva-no-2o-trimestre","status":"publish","type":"post","link":"https:\/\/diarioregionaldigital.com.br\/?p=186955","title":{"rendered":"CNI: pequenas ind\u00fastrias apresentam evolu\u00e7\u00e3o positiva no 2\u00ba trimestre"},"content":{"rendered":"<p>O segundo trimestre de 2021 foi marcado pela evolu\u00e7\u00e3o positiva das pequenas ind\u00fastrias. De acordo com o Panorama da Pequena Ind\u00fastria, feito pela Confedera\u00e7\u00e3o Nacional da Ind\u00fastria (CNI), houve melhora na situa\u00e7\u00e3o financeira, na confian\u00e7a e nas perspectivas dos micros e pequenos empres\u00e1rios.<img decoding=\"async\" src=\"https:\/\/agenciabrasil.ebc.com.br\/ebc.png?id=1418574&amp;o=node\" \/><img decoding=\"async\" src=\"https:\/\/agenciabrasil.ebc.com.br\/ebc.gif?id=1418574&amp;o=node\" \/><\/p>\n<p>A m\u00e9dia do segundo trimestre de 2021 registrou 46,5 pontos no \u00cdndice de Desempenho da pequena ind\u00fastria, resultado que est\u00e1 acima da m\u00e9dia do primeiro trimestre de 2021 (43,9 pontos) e do segundo trimestre de 2020 (34,1 pontos, influenciado pela pandemia). Os \u00edndices variam de zero a 100.<\/p>\n<p>\u201cPara os pr\u00f3ximos meses, h\u00e1 expectativa de novo aumento desse indicador, em decorr\u00eancia: do avan\u00e7o da vacina\u00e7\u00e3o no Brasil, que est\u00e1 atingindo faixas et\u00e1rias que incluem a popula\u00e7\u00e3o economicamente ativa; do aumento do volume de produ\u00e7\u00e3o; e da manuten\u00e7\u00e3o da cria\u00e7\u00e3o de empregos no setor industrial\u201d, diz o relat\u00f3rio t\u00e9cnico da pesquisa.<\/p>\n<p>O \u00cdndice de Situa\u00e7\u00e3o Financeira das pequenas ind\u00fastrias alcan\u00e7ou 42,3 pontos, o que representa um aumento de 4,5 pontos em rela\u00e7\u00e3o ao primeiro trimestre de 2021. De acordo com a CNI, a melhora est\u00e1 relacionada \u00e0 satisfa\u00e7\u00e3o com o lucro operacional e com a facilidade de acesso ao cr\u00e9dito no per\u00edodo.<\/p>\n<p><strong>Perspectivas<\/strong><\/p>\n<p>A falta ou o alto custo de mat\u00e9ria-prima se manteve como principal obst\u00e1culo para as empresas dos setores de transforma\u00e7\u00e3o e de constru\u00e7\u00e3o (com \u00edndices de 60,4% e 58,5%, respectivamente), mas ficou em segundo lugar no\u00a0<em>ranking<\/em>\u00a0de problemas para os empres\u00e1rios do setor de extra\u00e7\u00e3o (36,2%).<\/p>\n<p>O aumento do \u00cdndice de Confian\u00e7a do Empres\u00e1rio Industrial (Icei) para pequenas ind\u00fastrias e do \u00cdndice de Perspectivas indicam que micro, pequenas e m\u00e9dias empresas\u00a0t\u00eam expectativa de melhora do ritmo de recupera\u00e7\u00e3o da atividade. O Icei alcan\u00e7ou 60,9 pontos em julho de 2021, ap\u00f3s tr\u00eas aumentos consecutivos e segue acima da m\u00e9dia hist\u00f3rica (52,5 pontos).<\/p>\n<p>O indicador das perspectivas da pequena ind\u00fastria apresentou aumento de 0,5 ponto em julho de 2021, alcan\u00e7ando 52,6 pontos.<\/p>\n<p><strong>Levantamento<\/strong><\/p>\n<p>A composi\u00e7\u00e3o dos \u00edndices leva em considera\u00e7\u00e3o itens como volume de produ\u00e7\u00e3o, n\u00famero de empregados, utiliza\u00e7\u00e3o da capacidade instalada, satisfa\u00e7\u00e3o com o lucro operacional e situa\u00e7\u00e3o financeira, facilidade de acesso ao cr\u00e9dito, expectativa de evolu\u00e7\u00e3o da demanda e inten\u00e7\u00e3o de investimento e de contrata\u00e7\u00e3o.<\/p>\n<p>A pesquisa \u00e9 divulgada trimestralmente com base na an\u00e1lise dos dados da pequena ind\u00fastria, levantados na Sondagem Industrial, na Sondagem Ind\u00fastria da Constru\u00e7\u00e3o e no \u00cdndice de Confian\u00e7a do Empres\u00e1rio Industrial. Todos os meses, as pesquisas ouvem mais de 900 empres\u00e1rios de empresas de pequeno porte.<\/p>\n<p><span style=\"font-weight: 400;\">Fonte: Ag\u00eancia Brasil <\/span><\/p>\n<p><i>\u00a0<\/i><\/p>\n","protected":false},"excerpt":{"rendered":"<p>O segundo trimestre de 2021 foi marcado pela evolu\u00e7\u00e3o positiva das pequenas ind\u00fastrias. De acordo com o Panorama da Pequena Ind\u00fastria, feito pela Confedera\u00e7\u00e3o Nacional da Ind\u00fastria (CNI), houve melhora na situa\u00e7\u00e3o financeira, na confian\u00e7a e nas perspectivas dos micros e pequenos empres\u00e1rios. A m\u00e9dia do segundo trimestre de 2021 registrou 46,5 pontos no \u00cdndice [&hellip;]<\/p>\n","protected":false},"author":246,"featured_media":186956,"comment_status":"closed","ping_status":"closed","sticky":false,"template":"","format":"standard","meta":{"footnotes":""},"categories":[436,261,439],"tags":[],"class_list":["post-186955","post","type-post","status-publish","format-standard","has-post-thumbnail","hentry","category-destaque-da-semana","category-economia","category-ultima-hora"],"_links":{"self":[{"href":"https:\/\/diarioregionaldigital.com.br\/index.php?rest_route=\/wp\/v2\/posts\/186955","targetHints":{"allow":["GET"]}}],"collection":[{"href":"https:\/\/diarioregionaldigital.com.br\/index.php?rest_route=\/wp\/v2\/posts"}],"about":[{"href":"https:\/\/diarioregionaldigital.com.br\/index.php?rest_route=\/wp\/v2\/types\/post"}],"author":[{"embeddable":true,"href":"https:\/\/diarioregionaldigital.com.br\/index.php?rest_route=\/wp\/v2\/users\/246"}],"replies":[{"embeddable":true,"href":"https:\/\/diarioregionaldigital.com.br\/index.php?rest_route=%2Fwp%2Fv2%2Fcomments&post=186955"}],"version-history":[{"count":1,"href":"https:\/\/diarioregionaldigital.com.br\/index.php?rest_route=\/wp\/v2\/posts\/186955\/revisions"}],"predecessor-version":[{"id":186957,"href":"https:\/\/diarioregionaldigital.com.br\/index.php?rest_route=\/wp\/v2\/posts\/186955\/revisions\/186957"}],"wp:featuredmedia":[{"embeddable":true,"href":"https:\/\/diarioregionaldigital.com.br\/index.php?rest_route=\/wp\/v2\/media\/186956"}],"wp:attachment":[{"href":"https:\/\/diarioregionaldigital.com.br\/index.php?rest_route=%2Fwp%2Fv2%2Fmedia&parent=186955"}],"wp:term":[{"taxonomy":"category","embeddable":true,"href":"https:\/\/diarioregionaldigital.com.br\/index.php?rest_route=%2Fwp%2Fv2%2Fcategories&post=186955"},{"taxonomy":"post_tag","embeddable":true,"href":"https:\/\/diarioregionaldigital.com.br\/index.php?rest_route=%2Fwp%2Fv2%2Ftags&post=186955"}],"curies":[{"name":"wp","href":"https:\/\/api.w.org\/{rel}","templated":true}]}}