{"id":186883,"date":"2021-08-13T17:32:19","date_gmt":"2021-08-13T20:32:19","guid":{"rendered":"https:\/\/diarioregionaldigital.com.br\/?p=186883"},"modified":"2021-08-13T17:32:19","modified_gmt":"2021-08-13T20:32:19","slug":"camara-aprova-uniao-de-siglas-em-federacao-partidaria","status":"publish","type":"post","link":"https:\/\/diarioregionaldigital.com.br\/?p=186883","title":{"rendered":"C\u00e2mara aprova uni\u00e3o de siglas em federa\u00e7\u00e3o partid\u00e1ria"},"content":{"rendered":"<p>A C\u00e2mara dos Deputados aprovou, por 304 votos a 119, projeto que permite a dois ou mais partidos se unirem em uma federa\u00e7\u00e3o e, ap\u00f3s registro no Tribunal Superior Eleitoral (TSE), atuarem como se fossem uma legenda \u00fanica. A mat\u00e9ria segue para san\u00e7\u00e3o presidencial.<\/p>\n<p>Pelo texto origin\u00e1rio do Senado e em tramita\u00e7\u00e3o desde 2015, a proposta permitir\u00e1 que siglas com afinidade ideol\u00f3gica e program\u00e1tica se juntem em elei\u00e7\u00f5es, sem que seja necess\u00e1rio fundir os diret\u00f3rios. Para que entre em vigor nas pr\u00f3ximas elei\u00e7\u00f5es, o texto deve ser sancionado at\u00e9 outubro.<\/p>\n<p>Os partidos que se organizam em federa\u00e7\u00e3o constituem programa, estatuto e dire\u00e7\u00e3o comuns. Diferentemente das coliga\u00e7\u00f5es eleitorais, as federa\u00e7\u00f5es n\u00e3o encerram o seu funcionamento comum terminado o pleito&#8221;, explicou o relator, deputado Silvio Costa Filho (Republicanos-PE).<\/p>\n<p>Na pr\u00e1tica, a proposta ajudar\u00e1 partidos a alcan\u00e7ar a cl\u00e1usula de barreira &#8212; instrumento criado para reduzir o n\u00famero departidos com pouca representa\u00e7\u00e3o na C\u00e2mara dos Deputados.<img decoding=\"async\" src=\"https:\/\/agenciabrasil.ebc.com.br\/ebc.png?id=1418296&amp;o=node\" \/><img decoding=\"async\" src=\"https:\/\/agenciabrasil.ebc.com.br\/ebc.gif?id=1418296&amp;o=node\" \/><\/p>\n<p><strong>Federa\u00e7\u00e3o de partidos<\/strong><\/p>\n<p>Ser\u00e3o aplicadas \u00e0 federa\u00e7\u00e3o de partidos todas as normas que regem as atividades dos partidos pol\u00edticos no que diz respeito \u00e0s elei\u00e7\u00f5es, inclusive no que se refere a escolha e registro de candidatos para as elei\u00e7\u00f5es majorit\u00e1rias e proporcionais, arrecada\u00e7\u00e3o e aplica\u00e7\u00e3o de recursos em campanhas e propaganda eleitorais , contagem de votos, obten\u00e7\u00e3o de cadeiras, presta\u00e7\u00e3o de contas e convoca\u00e7\u00e3o de suplentes. Tamb\u00e9m ser\u00e3o aplicadas as regras de fidelidade partid\u00e1ria.<\/p>\n<p>Pelo texto, a abrang\u00eancia da alian\u00e7a ser\u00e1 nacional.<\/p>\n<p>As siglas reunidas em federa\u00e7\u00e3o partid\u00e1ria dever\u00e3o permanecer juntas por, no m\u00ednimo, quatro anos. A federa\u00e7\u00e3o poder\u00e1 ser constitu\u00edda at\u00e9 a data final do per\u00edodo de realiza\u00e7\u00e3o das conven\u00e7\u00f5es partid\u00e1rias.<\/p>\n<p>O texto ainda prev\u00ea como puni\u00e7\u00e3o pelo descumprimento do prazo m\u00ednimo de perman\u00eancia na federa\u00e7\u00e3o a perda do programa e das inser\u00e7\u00f5es de r\u00e1dio e televis\u00e3o e a veda\u00e7\u00e3o de ingresso em federa\u00e7\u00e3o por um semestre.<\/p>\n<p>A federa\u00e7\u00e3o continuar\u00e1 em funcionamento at\u00e9 a elei\u00e7\u00e3o seguinte, na hip\u00f3tese de desligamento de um ou mais partidos, desde que nela permane\u00e7am dois ou mais partidos.<\/p>\n<p><span style=\"font-weight: 400;\">Fonte: Ag\u00eancia Brasil <\/span><\/p>\n","protected":false},"excerpt":{"rendered":"<p>A C\u00e2mara dos Deputados aprovou, por 304 votos a 119, projeto que permite a dois ou mais partidos se unirem em uma federa\u00e7\u00e3o e, ap\u00f3s registro no Tribunal Superior Eleitoral (TSE), atuarem como se fossem uma legenda \u00fanica. A mat\u00e9ria segue para san\u00e7\u00e3o presidencial. Pelo texto origin\u00e1rio do Senado e em tramita\u00e7\u00e3o desde 2015, a [&hellip;]<\/p>\n","protected":false},"author":246,"featured_media":186884,"comment_status":"closed","ping_status":"closed","sticky":false,"template":"","format":"standard","meta":{"footnotes":""},"categories":[436,254,439],"tags":[],"class_list":["post-186883","post","type-post","status-publish","format-standard","has-post-thumbnail","hentry","category-destaque-da-semana","category-politica","category-ultima-hora"],"_links":{"self":[{"href":"https:\/\/diarioregionaldigital.com.br\/index.php?rest_route=\/wp\/v2\/posts\/186883","targetHints":{"allow":["GET"]}}],"collection":[{"href":"https:\/\/diarioregionaldigital.com.br\/index.php?rest_route=\/wp\/v2\/posts"}],"about":[{"href":"https:\/\/diarioregionaldigital.com.br\/index.php?rest_route=\/wp\/v2\/types\/post"}],"author":[{"embeddable":true,"href":"https:\/\/diarioregionaldigital.com.br\/index.php?rest_route=\/wp\/v2\/users\/246"}],"replies":[{"embeddable":true,"href":"https:\/\/diarioregionaldigital.com.br\/index.php?rest_route=%2Fwp%2Fv2%2Fcomments&post=186883"}],"version-history":[{"count":2,"href":"https:\/\/diarioregionaldigital.com.br\/index.php?rest_route=\/wp\/v2\/posts\/186883\/revisions"}],"predecessor-version":[{"id":186886,"href":"https:\/\/diarioregionaldigital.com.br\/index.php?rest_route=\/wp\/v2\/posts\/186883\/revisions\/186886"}],"wp:featuredmedia":[{"embeddable":true,"href":"https:\/\/diarioregionaldigital.com.br\/index.php?rest_route=\/wp\/v2\/media\/186884"}],"wp:attachment":[{"href":"https:\/\/diarioregionaldigital.com.br\/index.php?rest_route=%2Fwp%2Fv2%2Fmedia&parent=186883"}],"wp:term":[{"taxonomy":"category","embeddable":true,"href":"https:\/\/diarioregionaldigital.com.br\/index.php?rest_route=%2Fwp%2Fv2%2Fcategories&post=186883"},{"taxonomy":"post_tag","embeddable":true,"href":"https:\/\/diarioregionaldigital.com.br\/index.php?rest_route=%2Fwp%2Fv2%2Ftags&post=186883"}],"curies":[{"name":"wp","href":"https:\/\/api.w.org\/{rel}","templated":true}]}}