{"id":186880,"date":"2021-08-13T17:30:13","date_gmt":"2021-08-13T20:30:13","guid":{"rendered":"https:\/\/diarioregionaldigital.com.br\/?p=186880"},"modified":"2021-08-13T17:30:13","modified_gmt":"2021-08-13T20:30:13","slug":"auxilio-brasil-e-uma-conquista-da-sociedade-diz-ministro-da-cidadania","status":"publish","type":"post","link":"https:\/\/diarioregionaldigital.com.br\/?p=186880","title":{"rendered":"Aux\u00edlio Brasil \u00e9 uma conquista da sociedade, diz ministro da Cidadania"},"content":{"rendered":"<p>O ministro da Cidadania, Jo\u00e3o Roma, disse nesta quinta-feira (12), durante pronunciamento em rede de r\u00e1dio e TV, que o Aux\u00edlio Brasil \u00e9 uma conquista da sociedade. \u201cCom apoio e contribui\u00e7\u00e3o do Congresso Nacional, o Aux\u00edlio Brasil chegar\u00e1 em novembro para milh\u00f5es de fam\u00edlias brasileiras, sem abrir m\u00e3o da responsabilidade fiscal\u201d, disse Roma. A\u00a0<a href=\"https:\/\/agenciabrasil.ebc.com.br\/politica\/noticia\/2021-08\/presidente-entrega-medida-provisoria-do-novo-bolsa-familia\" target=\"_blank\" rel=\"noopener\">medida provis\u00f3ria que cria o novo programa<\/a>\u00a0foi entregue ao Congresso pelo presidente Jair Bolsonaro na segunda-feira (9).\u00a0<img decoding=\"async\" src=\"https:\/\/agenciabrasil.ebc.com.br\/ebc.png?id=1418357&amp;o=node\" \/><img decoding=\"async\" src=\"https:\/\/agenciabrasil.ebc.com.br\/ebc.gif?id=1418357&amp;o=node\" \/><\/p>\n<p>Durante o pronunciamento, Roma disse que o minist\u00e9rio est\u00e1 empenhado em fazer do Aux\u00edlio Brasil um marco hist\u00f3rico nas pol\u00edticas p\u00fablicas de transfer\u00eancia de renda. \u201c[O Aux\u00edlio Brasil] amplia a abrang\u00eancia do Sistema \u00danico de Assist\u00eancia Social, d\u00e1 transpar\u00eancia \u00e0 cesta de benef\u00edcios e confere instrumentos para o cidad\u00e3o melhorar de vida\u201d, disse.<\/p>\n<p>O ministro explicou que, com essa medida, o governo federal integra v\u00e1rias pol\u00edticas p\u00fablicas de assist\u00eancia social, sa\u00fade, educa\u00e7\u00e3o e emprego, e ao mesmo tempo em que garante uma renda b\u00e1sica a pessoas que est\u00e3o na faixa de pobreza e de extrema pobreza, \u201coferece ferramentas para a emancipa\u00e7\u00e3o socioecon\u00f4mica\u201d. \u201cEstamos falando aqui de inser\u00e7\u00e3o no mercado de trabalho e de autonomia na conquista de qualidade de vida\u201d, disse.<\/p>\n<p>Roma detalhou algumas das caracter\u00edsticas do Aux\u00edlio Brasil, como que as fam\u00edlias que vivem no campo ser\u00e3o estimuladas a produzir alimentos e ter\u00e3o garantia de compra da produ\u00e7\u00e3o pelo poder p\u00fablico e de que esse alimento ser\u00e1 distribui\u00e7\u00e3o para chegar \u00e0 mesa daqueles que mais precisam. Para o mistro, trata-se de uma grande contribui\u00e7\u00e3o para a seguran\u00e7a alimentar e nutricional.<\/p>\n<p>As fam\u00edlias das \u00e1reas urbanas ter\u00e3o<a href=\"https:\/\/agenciabrasil.ebc.com.br\/economia\/noticia\/2021-08\/beneficiarios-do-auxilio-brasil-terao-acesso-credito-especial\" target=\"_blank\" rel=\"noopener\">\u00a0acesso a microcr\u00e9dito\u00a0<\/a>e educa\u00e7\u00e3o financeira para poder empreender. \u00a0\u201cO Aux\u00edlio Brasil [tamb\u00e9m] vai promover o desenvolvimento infantil e juvenil por interm\u00e9dio de apoio a gestantes, nutrizes, crian\u00e7as e adolescentes. Estamos dando condi\u00e7\u00f5es para nossas crian\u00e7as desenvolverem as habilidades f\u00edsicas, cognitivas e afetivas, principalmente nos primeiros 36 meses de vida, que s\u00e3o fundamentais para um crescimento saud\u00e1vel\u201d, disse.<\/p>\n<p>Outro ponto destacado pelo ministro foi que os alunos que se destacarem em competi\u00e7\u00f5es cient\u00edficas, como olimp\u00edadas de matem\u00e1tica, e os atletas estudantis que se destacarem nos jogos escolares receber\u00e3o benef\u00edcios.<\/p>\n<p><span style=\"font-weight: 400;\">Fonte: Ag\u00eancia Brasil <\/span><\/p>\n","protected":false},"excerpt":{"rendered":"<p>O ministro da Cidadania, Jo\u00e3o Roma, disse nesta quinta-feira (12), durante pronunciamento em rede de r\u00e1dio e TV, que o Aux\u00edlio Brasil \u00e9 uma conquista da sociedade. \u201cCom apoio e contribui\u00e7\u00e3o do Congresso Nacional, o Aux\u00edlio Brasil chegar\u00e1 em novembro para milh\u00f5es de fam\u00edlias brasileiras, sem abrir m\u00e3o da responsabilidade fiscal\u201d, disse Roma. A\u00a0medida provis\u00f3ria [&hellip;]<\/p>\n","protected":false},"author":246,"featured_media":186881,"comment_status":"closed","ping_status":"closed","sticky":false,"template":"","format":"standard","meta":{"footnotes":""},"categories":[436,254,439],"tags":[],"class_list":["post-186880","post","type-post","status-publish","format-standard","has-post-thumbnail","hentry","category-destaque-da-semana","category-politica","category-ultima-hora"],"_links":{"self":[{"href":"https:\/\/diarioregionaldigital.com.br\/index.php?rest_route=\/wp\/v2\/posts\/186880","targetHints":{"allow":["GET"]}}],"collection":[{"href":"https:\/\/diarioregionaldigital.com.br\/index.php?rest_route=\/wp\/v2\/posts"}],"about":[{"href":"https:\/\/diarioregionaldigital.com.br\/index.php?rest_route=\/wp\/v2\/types\/post"}],"author":[{"embeddable":true,"href":"https:\/\/diarioregionaldigital.com.br\/index.php?rest_route=\/wp\/v2\/users\/246"}],"replies":[{"embeddable":true,"href":"https:\/\/diarioregionaldigital.com.br\/index.php?rest_route=%2Fwp%2Fv2%2Fcomments&post=186880"}],"version-history":[{"count":1,"href":"https:\/\/diarioregionaldigital.com.br\/index.php?rest_route=\/wp\/v2\/posts\/186880\/revisions"}],"predecessor-version":[{"id":186882,"href":"https:\/\/diarioregionaldigital.com.br\/index.php?rest_route=\/wp\/v2\/posts\/186880\/revisions\/186882"}],"wp:featuredmedia":[{"embeddable":true,"href":"https:\/\/diarioregionaldigital.com.br\/index.php?rest_route=\/wp\/v2\/media\/186881"}],"wp:attachment":[{"href":"https:\/\/diarioregionaldigital.com.br\/index.php?rest_route=%2Fwp%2Fv2%2Fmedia&parent=186880"}],"wp:term":[{"taxonomy":"category","embeddable":true,"href":"https:\/\/diarioregionaldigital.com.br\/index.php?rest_route=%2Fwp%2Fv2%2Fcategories&post=186880"},{"taxonomy":"post_tag","embeddable":true,"href":"https:\/\/diarioregionaldigital.com.br\/index.php?rest_route=%2Fwp%2Fv2%2Ftags&post=186880"}],"curies":[{"name":"wp","href":"https:\/\/api.w.org\/{rel}","templated":true}]}}