{"id":186877,"date":"2021-08-13T17:24:45","date_gmt":"2021-08-13T20:24:45","guid":{"rendered":"https:\/\/diarioregionaldigital.com.br\/?p=186877"},"modified":"2021-08-13T17:24:45","modified_gmt":"2021-08-13T20:24:45","slug":"governador-pede-a-uniao-apoio-e-suspensao-das-parcelas-de-financiamentos-para-cafeicultores-mineiros-atingidos-pelas-geadas","status":"publish","type":"post","link":"https:\/\/diarioregionaldigital.com.br\/?p=186877","title":{"rendered":"Governador pede \u00e0 Uni\u00e3o apoio e suspens\u00e3o das parcelas de financiamentos para cafeicultores mineiros atingidos pelas geadas"},"content":{"rendered":"<p>O governador Romeu Zema e a secret\u00e1ria de Estado de\u00a0<a title=\"Secretaria de Estado de Agricultura, Pecu\u00e1ria e Abastecimento (Seapa)\" href=\"http:\/\/www.agricultura.mg.gov.br\/\" target=\"_blank\" rel=\"noopener\">Agricultura, Pecu\u00e1ria e Abastecimento<\/a>, Ana Valentini, entregaram, nesta sexta-feira (13\/8), para a ministra da Agricultura, Tereza Cristina, of\u00edcio com as demandas para apoio aos cafeicultores mineiros afetados pela geada que atingiu o estado no m\u00eas passado e as a\u00e7\u00f5es j\u00e1 conduzidas pelo\u00a0<a href=\"http:\/\/www.mg.gov.br\/\" target=\"_blank\" rel=\"noopener\">Governo de Minas<\/a>.\u00a0 A entrega do documento foi em Bras\u00edlia.<\/p>\n<p>Ap\u00f3s o encontro, o governador explicou que o Minist\u00e9rio de Agricultura, Pecu\u00e1ria e Abastecimento (Mapa) se comprometeu a destinar R$ 1,35 bilh\u00e3o do Fundo de Defesa da Economia Cafeeira (Funcaf\u00e9) aos produtores afetados pela geada. \u201cO Banco do Brasil tamb\u00e9m reservar\u00e1 um montante para atender ao setor. Al\u00e9m disso, o Governo de Minas dar\u00e1 todo suporte aos laudos para que os produtores recebam os seguros\u201d, afirmou.<\/p>\n<p>O Mapa trabalhar\u00e1 a parte t\u00e9cnica, como a defini\u00e7\u00e3o dos juros, n\u00famero de parcelas e car\u00eancia. Segunda a secret\u00e1ria, cada produtor precisa de uma modalidade de financiamento.<\/p>\n<p>\u201cTamb\u00e9m fizemos um pedido em rela\u00e7\u00e3o aos investimentos realizados pelo produtor, sobretudo no setor de maquin\u00e1rio. Para aqueles produtores com d\u00edvidas com vencimento de curto prazo, e que perderam a lavoura, o pedido \u00e9 que essas parcelas sejam suspensas e alongadas para o final do financiamento\u201d, explicou Ana Valentini.<\/p>\n<p>Ainda de acordo com a secret\u00e1ria, as demandas apresentadas s\u00e3o resultado de uma constru\u00e7\u00e3o coletiva, liderada pelo Sistema Estadual da Agricultura em prol do atendimento e socorro aos produtores atingidos pela geada.<\/p>\n<p><strong>Demandas de cr\u00e9dito e custeio<\/strong><\/p>\n<p>Em rela\u00e7\u00e3o \u00e0s demandas de cr\u00e9dito e custeio, foram solicitadas a redu\u00e7\u00e3o da taxa de juros (inclusive do Funcaf\u00e9) para o custeio da safra 2021\/2022 e a libera\u00e7\u00e3o de linha espec\u00edfica de cr\u00e9dito para recupera\u00e7\u00e3o das lavouras danificadas, com car\u00eancia m\u00ednima de tr\u00eas anos e mais sete anos para pagamento, dependendo da intensidade apontada nos laudos e a amplia\u00e7\u00e3o do acesso ao cr\u00e9dito aos produtores atingidos pela geada.<\/p>\n<p>Os produtores tamb\u00e9m solicitam libera\u00e7\u00e3o de cr\u00e9dito para outras lavouras anuais (soja e milho, por exemplo) ou atividades pecu\u00e1rias, que permitam retorno financeiro r\u00e1pido para os anos 2021\/2022, al\u00e9m do alongamento dos prazos de pagamentos das parcelas de investimento, suspendendo as parcelas dos pr\u00f3ximos tr\u00eas anos e a posterga\u00e7\u00e3o para o final do contrato vigente.<\/p>\n<p><strong>Nova modalidade<\/strong><\/p>\n<p>Outro ponto abordado no documento \u00e9 a necessidade de cria\u00e7\u00e3o de nova modalidade de seguro rural que contemple, com pr\u00eamio subsidiado pela Uni\u00e3o, a cobertura dos preju\u00edzos com a recupera\u00e7\u00e3o das \u00e1reas atingidas, a perda da produ\u00e7\u00e3o atual causada pela geada e tamb\u00e9m as perdas de produ\u00e7\u00e3o das safras que seriam colhidas nos anos 2022 e 2023.<\/p>\n<p>A negocia\u00e7\u00e3o de apoio de fundos nacionais e\/ou internacionais para recupera\u00e7\u00e3o da cafeicultura, principalmente para os agricultores familiares, com recursos a fundo perdido, tamb\u00e9m est\u00e1 entre as demandas apresentadas, al\u00e9m da libera\u00e7\u00e3o de cr\u00e9dito para cooperativas e revendas de insumos para fazer frente \u00e0 possibilidade de produtores n\u00e3o conseguirem honrar compromissos firmados para contratos nas safras a serem colhidas nos dois pr\u00f3ximos anos.<\/p>\n<p><main class=\"clear margin-md-bottom-3\"><\/p>\n<div class=\"clear \">\n<p><strong>A\u00e7\u00f5es em andamento<\/strong><\/p>\n<p>A\u00a0<a href=\"http:\/\/www.emater.mg.gov.br\/\" target=\"_blank\" rel=\"noopener\">Emater-MG<\/a>\u00a0padronizou um modelo de laudo t\u00e9cnico para avalia\u00e7\u00e3o das \u00e1reas de caf\u00e9 afetadas pela geada e os t\u00e9cnicos da empresa j\u00e1 est\u00e3o em campo, fazendo os levantamentos. O modelo tamb\u00e9m foi disponibilizado para as cooperativas e federa\u00e7\u00f5es. A produ\u00e7\u00e3o de laudos a pedido de agricultores e prefeituras ser\u00e1 feita gratuitamente para os pequenos produtores, enquanto os m\u00e9dios e grandes precisar\u00e3o pagar pelo servi\u00e7o.<\/p>\n<p>Estes laudos s\u00e3o necess\u00e1rios, sobretudo para produtores cuja atividade possui financiamento banc\u00e1rio acompanhado de seguros em caso de intemp\u00e9ries clim\u00e1ticas. A geada que atingiu as lavouras mineiras foi uma das mais intensas j\u00e1 registradas no estado. Segundo o levantamento preliminar da Emater-MG, a estimativa \u00e9 de que pelo menos 9.540 produtores foram afetados. A regi\u00e3o do Sul de Minas foi a mais atingida, j\u00e1 que 77,8% dos 170 munic\u00edpios afetados pela geada ficam nesta regi\u00e3o.<\/p>\n<p>Em seguida, est\u00e3o as regi\u00f5es do Tri\u00e2ngulo e Alto Parana\u00edba, que, juntas, tiveram 21% de todas as cidades afetadas pela intemp\u00e9rie. De acordo com o relat\u00f3rio, estima-se que a geada afetou aproximadamente 173,7 mil hectares, o que corresponde a 19,1% da \u00e1rea ocupada com cafeicultura na regi\u00e3o abrangida pelo levantamento.<\/p>\n<p>A\u00a0<a href=\"http:\/\/www.epamig.br\/\" target=\"_blank\" rel=\"noopener\">Epamig<\/a>\u00a0est\u00e1 estudando a viabilidade de produ\u00e7\u00e3o de sementes de cultivares de caf\u00e9 adaptadas e produtivas para os munic\u00edpios das regi\u00f5es afetadas, em apoio \u00e0 implanta\u00e7\u00e3o de viveiros municipais, com o objetivo de produzir mudas para aos agricultores familiares que tiverem necessidade de replantio.<\/p>\n<p><span style=\"font-weight: 400;\">Fonte: Ag\u00eancia Minas<\/span><\/p>\n<\/div>\n<p><\/main><\/p>\n","protected":false},"excerpt":{"rendered":"<p>O governador Romeu Zema e a secret\u00e1ria de Estado de\u00a0Agricultura, Pecu\u00e1ria e Abastecimento, Ana Valentini, entregaram, nesta sexta-feira (13\/8), para a ministra da Agricultura, Tereza Cristina, of\u00edcio com as demandas para apoio aos cafeicultores mineiros afetados pela geada que atingiu o estado no m\u00eas passado e as a\u00e7\u00f5es j\u00e1 conduzidas pelo\u00a0Governo de Minas.\u00a0 A entrega [&hellip;]<\/p>\n","protected":false},"author":246,"featured_media":186878,"comment_status":"closed","ping_status":"closed","sticky":false,"template":"","format":"standard","meta":{"footnotes":""},"categories":[440,254,439],"tags":[],"class_list":["post-186877","post","type-post","status-publish","format-standard","has-post-thumbnail","hentry","category-destaques-do-dia","category-politica","category-ultima-hora"],"_links":{"self":[{"href":"https:\/\/diarioregionaldigital.com.br\/index.php?rest_route=\/wp\/v2\/posts\/186877","targetHints":{"allow":["GET"]}}],"collection":[{"href":"https:\/\/diarioregionaldigital.com.br\/index.php?rest_route=\/wp\/v2\/posts"}],"about":[{"href":"https:\/\/diarioregionaldigital.com.br\/index.php?rest_route=\/wp\/v2\/types\/post"}],"author":[{"embeddable":true,"href":"https:\/\/diarioregionaldigital.com.br\/index.php?rest_route=\/wp\/v2\/users\/246"}],"replies":[{"embeddable":true,"href":"https:\/\/diarioregionaldigital.com.br\/index.php?rest_route=%2Fwp%2Fv2%2Fcomments&post=186877"}],"version-history":[{"count":1,"href":"https:\/\/diarioregionaldigital.com.br\/index.php?rest_route=\/wp\/v2\/posts\/186877\/revisions"}],"predecessor-version":[{"id":186879,"href":"https:\/\/diarioregionaldigital.com.br\/index.php?rest_route=\/wp\/v2\/posts\/186877\/revisions\/186879"}],"wp:featuredmedia":[{"embeddable":true,"href":"https:\/\/diarioregionaldigital.com.br\/index.php?rest_route=\/wp\/v2\/media\/186878"}],"wp:attachment":[{"href":"https:\/\/diarioregionaldigital.com.br\/index.php?rest_route=%2Fwp%2Fv2%2Fmedia&parent=186877"}],"wp:term":[{"taxonomy":"category","embeddable":true,"href":"https:\/\/diarioregionaldigital.com.br\/index.php?rest_route=%2Fwp%2Fv2%2Fcategories&post=186877"},{"taxonomy":"post_tag","embeddable":true,"href":"https:\/\/diarioregionaldigital.com.br\/index.php?rest_route=%2Fwp%2Fv2%2Ftags&post=186877"}],"curies":[{"name":"wp","href":"https:\/\/api.w.org\/{rel}","templated":true}]}}