{"id":186839,"date":"2021-08-12T17:02:20","date_gmt":"2021-08-12T20:02:20","guid":{"rendered":"https:\/\/diarioregionaldigital.com.br\/?p=186839"},"modified":"2021-08-12T17:02:20","modified_gmt":"2021-08-12T20:02:20","slug":"prefeita-visita-obras-da-quarta-adutora-com-vida-util-estimada-em-70-anos","status":"publish","type":"post","link":"https:\/\/diarioregionaldigital.com.br\/?p=186839","title":{"rendered":"Prefeita visita obras da quarta adutora com vida \u00fatil estimada em 70 anos"},"content":{"rendered":"<p>Na manh\u00e3 desta quinta-feira, 12, a prefeita Margarida Salom\u00e3o visitou as obras da quarta adutora acompanhada pelos diretores da Companhia de Saneamento Municipal (Cesama) da Prefeitura de Juiz de Fora (PJF). Or\u00e7ada em R$ 35 milh\u00f5es, a adutora ir\u00e1 ampliar a capacidade de transporte da \u00e1gua das unidades de produ\u00e7\u00e3o da companhia at\u00e9 o centro da cidade, garantindo maior estabilidade na distribui\u00e7\u00e3o do produto para todo o munic\u00edpio.<\/p>\n<p>Segundo informa\u00e7\u00f5es do site da Prefeitura de Juiz de Fora, Margarida lembrou que a primeira adutora da cidade foi implantada em 1933 e, atualmente, est\u00e1 desativada, da\u00ed a import\u00e2ncia de a\u00e7\u00f5es que possibilitem novas alternativas de abastecimento. \u201cCom esta nova adutora teremos, j\u00e1 no in\u00edcio de 2022, uma vaz\u00e3o de mais mil litros de \u00e1gua por segundo para toda Juiz de Fora. Trata-se de uma obra hist\u00f3rica, com vida \u00fatil estimada em 70 anos, e que foi tamb\u00e9m concebida para otimizar os eventuais servi\u00e7os de manuten\u00e7\u00e3o da Cesama\u201d, avaliou.<\/p>\n<p>Os trabalhos da implanta\u00e7\u00e3o da quarta adutora seguem em ritmo avan\u00e7ado, uma vez que a Cesama j\u00e1 implantou 50% dos 7.500 metros de tubos de ferro fundido, com 900 mil\u00edmetros de di\u00e2metro, que ir\u00e3o compor a obra. A interven\u00e7\u00e3o tem previs\u00e3o de conclus\u00e3o para mar\u00e7o de 2022.<\/p>\n<p>Atualmente, os servi\u00e7os est\u00e3o focados em dois pontos da avenida Garcia Rodrigues Paes: no bairro Industrial, entre o in\u00edcio do viaduto Engenheiro Ramirez Gonzalez e o n\u00famero 12.878 da via, onde o tr\u00e2nsito est\u00e1 totalmente interditado em tempo integral, e no bairro Barbosa Lage, na altura do n\u00famero 16.119, com o fluxo de ve\u00edculos seguindo o esquema \u201cpare e siga\u201d, das 7h \u00e0s 17h, de segunda a sexta-feira.<\/p>\n<p>A quarta adutora partir\u00e1 da Estrada da Remonta, entre a ETA Marechal Castelo Branco e o bairro Parque das Torres, atravessando o Rio Paraibuna at\u00e9 o Acesso Norte, na divisa entre a comunidade de Barbosa Lage e o Col\u00e9gio Militar, seguindo at\u00e9 Santa Terezinha e cortando novamente o Paraibuna, onde se interligar\u00e1 ao sistema de distribui\u00e7\u00e3o da Cesama.<\/p>\n<p><b>Visita \u00e0 ETE Uni\u00e3o-Ind\u00fastria<\/b><\/p>\n<p>Do trecho de obras da quarta adutora, a prefeita seguiu para a Esta\u00e7\u00e3o de Tratamento de Esgoto (ETE) Uni\u00e3o-Ind\u00fastria, em Granjas Bethel. A unidade j\u00e1 est\u00e1 em opera\u00e7\u00e3o e receber\u00e1 todo o esgoto coletado na regi\u00e3o central da cidade. Ainda para este ano, est\u00e1 prevista a interliga\u00e7\u00e3o entre a contribui\u00e7\u00e3o do c\u00f3rrego Independ\u00eancia ao coletor j\u00e1 implantado, o que dar\u00e1 um incremento significativo na vaz\u00e3o de esgoto que chega \u00e0 unidade para tratamento, com previs\u00e3o de alcan\u00e7ar o \u00edndice de 36% de esgoto tratado at\u00e9 o final deste ano. \u201c\u00c9 necess\u00e1rio que a cidade saiba desse grande investimento que est\u00e1 sendo feito. Estamos h\u00e1 muito tempo em busca de melhorar esse \u00edndice de tratamento de esgoto. Juiz de Fora merece esse presente no fim do ano\u201d, destacou a prefeita.<\/p>\n","protected":false},"excerpt":{"rendered":"<p>Na manh\u00e3 desta quinta-feira, 12, a prefeita Margarida Salom\u00e3o visitou as obras da quarta adutora acompanhada pelos diretores da Companhia de Saneamento Municipal (Cesama) da Prefeitura de Juiz de Fora (PJF). Or\u00e7ada em R$ 35 milh\u00f5es, a adutora ir\u00e1 ampliar a capacidade de transporte da \u00e1gua das unidades de produ\u00e7\u00e3o da companhia at\u00e9 o centro [&hellip;]<\/p>\n","protected":false},"author":246,"featured_media":186840,"comment_status":"closed","ping_status":"closed","sticky":false,"template":"","format":"standard","meta":{"footnotes":""},"categories":[253,436,439],"tags":[],"class_list":["post-186839","post","type-post","status-publish","format-standard","has-post-thumbnail","hentry","category-cidade","category-destaque-da-semana","category-ultima-hora"],"_links":{"self":[{"href":"https:\/\/diarioregionaldigital.com.br\/index.php?rest_route=\/wp\/v2\/posts\/186839","targetHints":{"allow":["GET"]}}],"collection":[{"href":"https:\/\/diarioregionaldigital.com.br\/index.php?rest_route=\/wp\/v2\/posts"}],"about":[{"href":"https:\/\/diarioregionaldigital.com.br\/index.php?rest_route=\/wp\/v2\/types\/post"}],"author":[{"embeddable":true,"href":"https:\/\/diarioregionaldigital.com.br\/index.php?rest_route=\/wp\/v2\/users\/246"}],"replies":[{"embeddable":true,"href":"https:\/\/diarioregionaldigital.com.br\/index.php?rest_route=%2Fwp%2Fv2%2Fcomments&post=186839"}],"version-history":[{"count":2,"href":"https:\/\/diarioregionaldigital.com.br\/index.php?rest_route=\/wp\/v2\/posts\/186839\/revisions"}],"predecessor-version":[{"id":186842,"href":"https:\/\/diarioregionaldigital.com.br\/index.php?rest_route=\/wp\/v2\/posts\/186839\/revisions\/186842"}],"wp:featuredmedia":[{"embeddable":true,"href":"https:\/\/diarioregionaldigital.com.br\/index.php?rest_route=\/wp\/v2\/media\/186840"}],"wp:attachment":[{"href":"https:\/\/diarioregionaldigital.com.br\/index.php?rest_route=%2Fwp%2Fv2%2Fmedia&parent=186839"}],"wp:term":[{"taxonomy":"category","embeddable":true,"href":"https:\/\/diarioregionaldigital.com.br\/index.php?rest_route=%2Fwp%2Fv2%2Fcategories&post=186839"},{"taxonomy":"post_tag","embeddable":true,"href":"https:\/\/diarioregionaldigital.com.br\/index.php?rest_route=%2Fwp%2Fv2%2Ftags&post=186839"}],"curies":[{"name":"wp","href":"https:\/\/api.w.org\/{rel}","templated":true}]}}