{"id":186836,"date":"2021-08-12T16:59:58","date_gmt":"2021-08-12T19:59:58","guid":{"rendered":"https:\/\/diarioregionaldigital.com.br\/?p=186836"},"modified":"2021-08-12T16:59:58","modified_gmt":"2021-08-12T19:59:58","slug":"viaduto-revitalizara-regiao-central-de-juiz-de-fora","status":"publish","type":"post","link":"https:\/\/diarioregionaldigital.com.br\/?p=186836","title":{"rendered":"Viaduto revitalizar\u00e1 regi\u00e3o central de Juiz de Fora"},"content":{"rendered":"<p>Na manh\u00e3 desta quinta-feira, 12, a prefeita Margarida Salom\u00e3o visitou as obras do viaduto Arquiteto H\u00e9lio F\u00e1del Ara\u00fajo, acompanhada dos secret\u00e1rios de Obras (SO), Lincoln Santos Lima e de Planejamento do Territ\u00f3rio e Participa\u00e7\u00e3o Popular (SEPPOP), Martvs das Chagas. A expectativa \u00e9 que tudo seja entregue em outubro de 2021, ap\u00f3s o t\u00e9rmino de todas as obras de infraestrutura de melhoria da mobilidade urbana, levando em conta, n\u00e3o s\u00f3 a\u00e7\u00f5es para ve\u00edculos, mas especialmente a revitaliza\u00e7\u00e3o urban\u00edstica da \u00e1rea, com foco nos pedestres e moradores.<\/p>\n<p>\u201cO viaduto H\u00e9lio F\u00e1del Ara\u00fajo tem como objetivo melhorar a mobilidade urbana e a liga\u00e7\u00e3o da regi\u00e3o Leste com o Centro da cidade. Mais importante ainda \u00e9 que este viaduto j\u00e1 foi concebido com a preocupa\u00e7\u00e3o da mobilidade para todos e todas, com acessibilidade, de forma humanizada. Esta \u00e9 uma obra muito relevante do ponto de vista social\u201d, ressaltou a prefeita Margarida Salom\u00e3o.<\/p>\n<p>Segundo informa\u00e7\u00f5es do site da Prefeitura de Juiz de Fora, o objetivo \u00e9 que a revitaliza\u00e7\u00e3o urban\u00edstica transforme a regi\u00e3o. Est\u00e3o sendo realizadas interven\u00e7\u00f5es de recupera\u00e7\u00e3o da infraestrutura, como da rede de esgoto nas ruas adjacentes ao viaduto e tamb\u00e9m o recapeamento asf\u00e1ltico. Al\u00e9m da liga\u00e7\u00e3o rodoferrovi\u00e1ria, existe uma preocupa\u00e7\u00e3o urban\u00edstica com novos passeios, rampas de acessibilidade e lumin\u00e1rias em LED, garantindo aos pedestres que transitam nas ruas Leopoldo Schmidt e Jos\u00e9 Calil Aoughi, maior seguran\u00e7a e mobilidade urbana.<\/p>\n<p>Em paralelo, est\u00e1 sendo solucionado um antigo problema de alagamento nas ruas Howain e Farmac\u00eautico Vespasiano Pinto Vieira, com a constru\u00e7\u00e3o de nova rede de drenagem. &#8220;Estamos fazendo uma imensa inje\u00e7\u00e3o de qualidade, de revitaliza\u00e7\u00e3o, em uma \u00e1rea que nos \u00faltimos anos vinha sendo degradada\u201d, destacou a prefeita.<\/p>\n<p>O Secret\u00e1rio de Planejamento do Territ\u00f3rio e Participa\u00e7\u00e3o Popular, Martvs das Chagas, ressaltou a preocupa\u00e7\u00e3o da atual gest\u00e3o de se realizar um planejamento integrado: \u201cA Prefeita nos solicitou que pud\u00e9ssemos fazer aqui um projeto de infraestrutura urbana, que tem como enfoque o pedestre e a mobilidade urbana das pessoas. Com acessbilidade e com o visual, com o cuidado que a cidade merece. Vamos n\u00e3o apenas construir um viaduto onde passam os carros, mas sim fazer um espa\u00e7o em que as pessoas possam habitar\u201d.<\/p>\n<p><b>Mais fluidez no tr\u00e2nsito<\/b><\/p>\n<p>O projeto faz parte das obras de transposi\u00e7\u00e3o rodoferrovi\u00e1ria, com liga\u00e7\u00e3o para os motoristas que vem da Rua Francisco Bernardino e da Rua Floriano Peixoto com acesso \u00e0 Avenida Brasil ou \u00e0 ponte Wilson Cury Jabour J\u00fanior, diminuindo o tempo de liga\u00e7\u00e3o entre o Centro e bairros da Zona Leste.<\/p>\n","protected":false},"excerpt":{"rendered":"<p>Na manh\u00e3 desta quinta-feira, 12, a prefeita Margarida Salom\u00e3o visitou as obras do viaduto Arquiteto H\u00e9lio F\u00e1del Ara\u00fajo, acompanhada dos secret\u00e1rios de Obras (SO), Lincoln Santos Lima e de Planejamento do Territ\u00f3rio e Participa\u00e7\u00e3o Popular (SEPPOP), Martvs das Chagas. A expectativa \u00e9 que tudo seja entregue em outubro de 2021, ap\u00f3s o t\u00e9rmino de todas [&hellip;]<\/p>\n","protected":false},"author":246,"featured_media":186837,"comment_status":"closed","ping_status":"closed","sticky":false,"template":"","format":"standard","meta":{"footnotes":""},"categories":[253,436,439],"tags":[],"class_list":["post-186836","post","type-post","status-publish","format-standard","has-post-thumbnail","hentry","category-cidade","category-destaque-da-semana","category-ultima-hora"],"_links":{"self":[{"href":"https:\/\/diarioregionaldigital.com.br\/index.php?rest_route=\/wp\/v2\/posts\/186836","targetHints":{"allow":["GET"]}}],"collection":[{"href":"https:\/\/diarioregionaldigital.com.br\/index.php?rest_route=\/wp\/v2\/posts"}],"about":[{"href":"https:\/\/diarioregionaldigital.com.br\/index.php?rest_route=\/wp\/v2\/types\/post"}],"author":[{"embeddable":true,"href":"https:\/\/diarioregionaldigital.com.br\/index.php?rest_route=\/wp\/v2\/users\/246"}],"replies":[{"embeddable":true,"href":"https:\/\/diarioregionaldigital.com.br\/index.php?rest_route=%2Fwp%2Fv2%2Fcomments&post=186836"}],"version-history":[{"count":1,"href":"https:\/\/diarioregionaldigital.com.br\/index.php?rest_route=\/wp\/v2\/posts\/186836\/revisions"}],"predecessor-version":[{"id":186838,"href":"https:\/\/diarioregionaldigital.com.br\/index.php?rest_route=\/wp\/v2\/posts\/186836\/revisions\/186838"}],"wp:featuredmedia":[{"embeddable":true,"href":"https:\/\/diarioregionaldigital.com.br\/index.php?rest_route=\/wp\/v2\/media\/186837"}],"wp:attachment":[{"href":"https:\/\/diarioregionaldigital.com.br\/index.php?rest_route=%2Fwp%2Fv2%2Fmedia&parent=186836"}],"wp:term":[{"taxonomy":"category","embeddable":true,"href":"https:\/\/diarioregionaldigital.com.br\/index.php?rest_route=%2Fwp%2Fv2%2Fcategories&post=186836"},{"taxonomy":"post_tag","embeddable":true,"href":"https:\/\/diarioregionaldigital.com.br\/index.php?rest_route=%2Fwp%2Fv2%2Ftags&post=186836"}],"curies":[{"name":"wp","href":"https:\/\/api.w.org\/{rel}","templated":true}]}}