{"id":186833,"date":"2021-08-12T16:57:54","date_gmt":"2021-08-12T19:57:54","guid":{"rendered":"https:\/\/diarioregionaldigital.com.br\/?p=186833"},"modified":"2021-08-12T16:57:54","modified_gmt":"2021-08-12T19:57:54","slug":"canil-municipal-promove-primeiro-evento-de-adocao-de-caes-no-domingo","status":"publish","type":"post","link":"https:\/\/diarioregionaldigital.com.br\/?p=186833","title":{"rendered":"Canil Municipal promove primeiro evento de ado\u00e7\u00e3o de c\u00e3es no domingo"},"content":{"rendered":"<p>Neste domingo, dia 15, a Feira da Pechincha receber\u00e1 c\u00e3es do Canil Municipal da Prefeitura de Juiz de Fora (PJF) para o primeiro evento de ado\u00e7\u00e3o de 2021. Ser\u00e1 montada uma tenda na Avenida Brasil, n\u00ba 2.001, em frente \u00e0 entrada do pr\u00e9dio-sede da PJF. O evento acontecer\u00e1 das 9h \u00e0s 12h.<\/p>\n<p>Segundo informa\u00e7\u00f5es do site da Prefeitura de Juiz de Fora, os interessados em levar um amigo de quatro patas para casa dever\u00e3o apresentar documento oficial com foto e comprovante de resid\u00eancia, al\u00e9m de ter mais de 18 anos de idade. O veterin\u00e1rio respons\u00e1vel pelo Canil Municipal, F\u00e1bio Valverde, destaca que \u201cquem quiser adotar, dever\u00e1, de prefer\u00eancia, levar guia e coleira para cachorro. Tamb\u00e9m \u00e9 necess\u00e1rio que todos cumpram os protocolos de preven\u00e7\u00e3o \u00e0 Covid-19 com o uso de m\u00e1scara e \u00e1lcool para higieniza\u00e7\u00e3o das m\u00e3os\u201d. O veterin\u00e1rio ressalta que \u201cos animais dispon\u00edveis para ado\u00e7\u00e3o s\u00e3o castrados, vacinados, vermifugados e chipados\u201d.<\/p>\n<p>A campanha \u201cMe adote A\u00ed!\u201d foi lan\u00e7ada pela atual gest\u00e3o municipal com o objetivo de dar um lar para os animais abrigados no Canil Municipal. Al\u00e9m da feira, os interessados na ado\u00e7\u00e3o podem entrar em contato pelo telefone (32) 3225-9933, de segunda a sexta-feira, das 7h \u00e0s 11h e das 12h \u00e0s 16h30 para agendar visita. O Canil Municipal fica na Rua Bartolomeu dos Santos, 680, Bairro S\u00e3o Dami\u00e3o.<\/p>\n<p>Outras informa\u00e7\u00f5es:<br \/>\n(32) 3690-7246 &#8211; Secretaria de Comunica\u00e7\u00e3o P\u00fablica (Secom)<br \/>\n(32) 3225-9933 &#8211; Ado\u00e7\u00e3o respons\u00e1vel<br \/>\nAcesse as redes sociais do\u00a0<a href=\"https:\/\/linktr.ee\/meadotaai\"><b>Canil Municipal &#8211; ME ADOTA A\u00cd!<\/b><\/a><\/p>\n","protected":false},"excerpt":{"rendered":"<p>Neste domingo, dia 15, a Feira da Pechincha receber\u00e1 c\u00e3es do Canil Municipal da Prefeitura de Juiz de Fora (PJF) para o primeiro evento de ado\u00e7\u00e3o de 2021. Ser\u00e1 montada uma tenda na Avenida Brasil, n\u00ba 2.001, em frente \u00e0 entrada do pr\u00e9dio-sede da PJF. O evento acontecer\u00e1 das 9h \u00e0s 12h. Segundo informa\u00e7\u00f5es do [&hellip;]<\/p>\n","protected":false},"author":246,"featured_media":186834,"comment_status":"closed","ping_status":"closed","sticky":false,"template":"","format":"standard","meta":{"footnotes":""},"categories":[253,436,439],"tags":[],"class_list":["post-186833","post","type-post","status-publish","format-standard","has-post-thumbnail","hentry","category-cidade","category-destaque-da-semana","category-ultima-hora"],"_links":{"self":[{"href":"https:\/\/diarioregionaldigital.com.br\/index.php?rest_route=\/wp\/v2\/posts\/186833","targetHints":{"allow":["GET"]}}],"collection":[{"href":"https:\/\/diarioregionaldigital.com.br\/index.php?rest_route=\/wp\/v2\/posts"}],"about":[{"href":"https:\/\/diarioregionaldigital.com.br\/index.php?rest_route=\/wp\/v2\/types\/post"}],"author":[{"embeddable":true,"href":"https:\/\/diarioregionaldigital.com.br\/index.php?rest_route=\/wp\/v2\/users\/246"}],"replies":[{"embeddable":true,"href":"https:\/\/diarioregionaldigital.com.br\/index.php?rest_route=%2Fwp%2Fv2%2Fcomments&post=186833"}],"version-history":[{"count":1,"href":"https:\/\/diarioregionaldigital.com.br\/index.php?rest_route=\/wp\/v2\/posts\/186833\/revisions"}],"predecessor-version":[{"id":186835,"href":"https:\/\/diarioregionaldigital.com.br\/index.php?rest_route=\/wp\/v2\/posts\/186833\/revisions\/186835"}],"wp:featuredmedia":[{"embeddable":true,"href":"https:\/\/diarioregionaldigital.com.br\/index.php?rest_route=\/wp\/v2\/media\/186834"}],"wp:attachment":[{"href":"https:\/\/diarioregionaldigital.com.br\/index.php?rest_route=%2Fwp%2Fv2%2Fmedia&parent=186833"}],"wp:term":[{"taxonomy":"category","embeddable":true,"href":"https:\/\/diarioregionaldigital.com.br\/index.php?rest_route=%2Fwp%2Fv2%2Fcategories&post=186833"},{"taxonomy":"post_tag","embeddable":true,"href":"https:\/\/diarioregionaldigital.com.br\/index.php?rest_route=%2Fwp%2Fv2%2Ftags&post=186833"}],"curies":[{"name":"wp","href":"https:\/\/api.w.org\/{rel}","templated":true}]}}