{"id":186830,"date":"2021-08-12T16:56:00","date_gmt":"2021-08-12T19:56:00","guid":{"rendered":"https:\/\/diarioregionaldigital.com.br\/?p=186830"},"modified":"2021-08-12T17:04:14","modified_gmt":"2021-08-12T20:04:14","slug":"ss-interrompe-aplicacao-da-2a-dose-de-astrazeneca","status":"publish","type":"post","link":"https:\/\/diarioregionaldigital.com.br\/?p=186830","title":{"rendered":"SS interrompe aplica\u00e7\u00e3o da 2\u00aa dose de AstraZeneca"},"content":{"rendered":"<p>A Secretaria de Sa\u00fade (SS) da Prefeitura de Juiz de Fora (PJF) informa que o munic\u00edpio n\u00e3o possui, no momento, mais imunizantes da AstraZeneca para aplica\u00e7\u00e3o da segunda dose devido \u00e0 falta de entregas das vacinas por parte do Minist\u00e9rio da Sa\u00fade (MS). Infelizmente, esse \u00e9 um problema recorrente em todo o pa\u00eds, e diversas cidades tamb\u00e9m tiveram que suspender a aplica\u00e7\u00e3o da segunda dose da AstraZeneca, como Niter\u00f3i, Volta Redonda, Bauru, Praia Grande, dentre outros munic\u00edpios que sofrem com o desabastecimento do imunizante.<\/p>\n<p>Segundo informa\u00e7\u00f5es do site da Prefeitura de Juiz de Fora, nesta quinta-feira, 12, a vacina\u00e7\u00e3o ocorre, como de praxe, at\u00e9 as 14h nas sete Unidades B\u00e1sicas de Sa\u00fade (UBSs), sem interrup\u00e7\u00e3o do servi\u00e7o de vacina\u00e7\u00e3o. Todos os postos de imuniza\u00e7\u00e3o, incluindo o Sesc e o Sport, est\u00e3o distribuindo senhas para evitar que as pessoas fiquem na fila. Entretanto, a vacina\u00e7\u00e3o de segunda dose com Coronavac e Pfizer, e tamb\u00e9m o calend\u00e1rio da primeira dose seguem normalmente, conforme divulgado previamente.<\/p>\n","protected":false},"excerpt":{"rendered":"<p>A Secretaria de Sa\u00fade (SS) da Prefeitura de Juiz de Fora (PJF) informa que o munic\u00edpio n\u00e3o possui, no momento, mais imunizantes da AstraZeneca para aplica\u00e7\u00e3o da segunda dose devido \u00e0 falta de entregas das vacinas por parte do Minist\u00e9rio da Sa\u00fade (MS). Infelizmente, esse \u00e9 um problema recorrente em todo o pa\u00eds, e diversas [&hellip;]<\/p>\n","protected":false},"author":246,"featured_media":186831,"comment_status":"closed","ping_status":"closed","sticky":false,"template":"","format":"standard","meta":{"footnotes":""},"categories":[253,440,439],"tags":[],"class_list":["post-186830","post","type-post","status-publish","format-standard","has-post-thumbnail","hentry","category-cidade","category-destaques-do-dia","category-ultima-hora"],"_links":{"self":[{"href":"https:\/\/diarioregionaldigital.com.br\/index.php?rest_route=\/wp\/v2\/posts\/186830","targetHints":{"allow":["GET"]}}],"collection":[{"href":"https:\/\/diarioregionaldigital.com.br\/index.php?rest_route=\/wp\/v2\/posts"}],"about":[{"href":"https:\/\/diarioregionaldigital.com.br\/index.php?rest_route=\/wp\/v2\/types\/post"}],"author":[{"embeddable":true,"href":"https:\/\/diarioregionaldigital.com.br\/index.php?rest_route=\/wp\/v2\/users\/246"}],"replies":[{"embeddable":true,"href":"https:\/\/diarioregionaldigital.com.br\/index.php?rest_route=%2Fwp%2Fv2%2Fcomments&post=186830"}],"version-history":[{"count":2,"href":"https:\/\/diarioregionaldigital.com.br\/index.php?rest_route=\/wp\/v2\/posts\/186830\/revisions"}],"predecessor-version":[{"id":186846,"href":"https:\/\/diarioregionaldigital.com.br\/index.php?rest_route=\/wp\/v2\/posts\/186830\/revisions\/186846"}],"wp:featuredmedia":[{"embeddable":true,"href":"https:\/\/diarioregionaldigital.com.br\/index.php?rest_route=\/wp\/v2\/media\/186831"}],"wp:attachment":[{"href":"https:\/\/diarioregionaldigital.com.br\/index.php?rest_route=%2Fwp%2Fv2%2Fmedia&parent=186830"}],"wp:term":[{"taxonomy":"category","embeddable":true,"href":"https:\/\/diarioregionaldigital.com.br\/index.php?rest_route=%2Fwp%2Fv2%2Fcategories&post=186830"},{"taxonomy":"post_tag","embeddable":true,"href":"https:\/\/diarioregionaldigital.com.br\/index.php?rest_route=%2Fwp%2Fv2%2Ftags&post=186830"}],"curies":[{"name":"wp","href":"https:\/\/api.w.org\/{rel}","templated":true}]}}