{"id":186821,"date":"2021-08-12T16:47:14","date_gmt":"2021-08-12T19:47:14","guid":{"rendered":"https:\/\/diarioregionaldigital.com.br\/?p=186821"},"modified":"2021-08-12T16:47:14","modified_gmt":"2021-08-12T19:47:14","slug":"toquio-calor-sera-desafio-para-futebol-de-5-do-brasil-em-jogos-as-11h","status":"publish","type":"post","link":"https:\/\/diarioregionaldigital.com.br\/?p=186821","title":{"rendered":"T\u00f3quio: calor ser\u00e1 desafio para futebol de 5 do Brasil em jogos \u00e0s 11h"},"content":{"rendered":"<p>A sele\u00e7\u00e3o brasileira de futebol de 5 (cegos) ter\u00e1 um desafio a mais na busca do pentacampeonato na Paralimp\u00edada de T\u00f3quio (Jap\u00e3o): o calor em campo a c\u00e9u aberto, em torno dos 32 graus, \u00e0s 11h, hor\u00e1rio local das tr\u00eas partidas da primeira fase da competi\u00e7\u00e3o. A equipe, acostumada a jogar em quadra fechada no Centro de Treinamento Paral\u00edmpico (CTP), em S\u00e3o Paulo, participou do primeiro treino na manh\u00e3 desta quarta-feira (11).<\/p>\n<p>\u201cNosso grupo \u00e9 bem dif\u00edcil, as equipes s\u00e3o muito qualificadas, os hor\u00e1rios s\u00e3o complicados, porque jogar tr\u00eas dias consecutivos \u00e0s 11h da manh\u00e3 vai ser muito desgastante. Estamos nos preparando porque vamos encarar este calor extremo, mas ser\u00e1 assim para as duas equipes. A gente vai precisar estar pronto para entrar em campo e colocar em pr\u00e1tica o que treinamos\u201d, disse o camisa 10 Ricardinho.<\/p>\n<p>O primeiro duelo do Brasil ser\u00e1 contra a China, no dia 28 de agosto, \u00e0s 23h (hor\u00e1rio de Bras\u00edlia), na quadra de grama sint\u00e9tica do Parque Esportivo de Naomi, na capital japonesa. A sele\u00e7\u00e3o est\u00e1 no Grupo A, que tem ainda Jap\u00e3o e Fran\u00e7a. O grupo B re\u00fane Argentina (bronze na Paralimp\u00edada Rio 2016), Marrocos, Espanha e Tail\u00e2ndia.. As equipes se enfrentam dentro das pr\u00f3prias chaves e os dois melhores avan\u00e7am \u00e0s semifinais<\/p>\n<p>A condi\u00e7\u00e3o clim\u00e1tica preocupa o t\u00e9cnico F\u00e1bio Vasconcelos, embora a equipe tenha competido a c\u00e9u aberto em duas das tr\u00eas \u00faltimas competi\u00e7\u00f5es internacionais: os Jogos Pan-Americanos de Lima (Peru) em 2019 e o Campeonato Mundial em 2018, em Madri (Espanha).<\/p>\n<p>\u201cEu, particularmente, acho desumano impor a um atleta profissional, como nosso grupo \u00e9 profissional, e para o n\u00edvel que o futebol de cinco no mundo se encontra atualmente, ter jogos neste hor\u00e1rio durante o ver\u00e3o\u201d, criticou F\u00e1bio Vasconcelos.<\/p>\n<p>A competi\u00e7\u00e3o de futebol de 5 ocorrer\u00e1 de 29 de agosto a 4 de setembro.<\/p>\n<p><span style=\"font-weight: 400;\">Fonte: Ag\u00eancia Brasil <\/span><\/p>\n","protected":false},"excerpt":{"rendered":"<p>A sele\u00e7\u00e3o brasileira de futebol de 5 (cegos) ter\u00e1 um desafio a mais na busca do pentacampeonato na Paralimp\u00edada de T\u00f3quio (Jap\u00e3o): o calor em campo a c\u00e9u aberto, em torno dos 32 graus, \u00e0s 11h, hor\u00e1rio local das tr\u00eas partidas da primeira fase da competi\u00e7\u00e3o. A equipe, acostumada a jogar em quadra fechada no [&hellip;]<\/p>\n","protected":false},"author":246,"featured_media":186822,"comment_status":"closed","ping_status":"closed","sticky":false,"template":"","format":"standard","meta":{"footnotes":""},"categories":[436,257,439],"tags":[],"class_list":["post-186821","post","type-post","status-publish","format-standard","has-post-thumbnail","hentry","category-destaque-da-semana","category-esporte","category-ultima-hora"],"_links":{"self":[{"href":"https:\/\/diarioregionaldigital.com.br\/index.php?rest_route=\/wp\/v2\/posts\/186821","targetHints":{"allow":["GET"]}}],"collection":[{"href":"https:\/\/diarioregionaldigital.com.br\/index.php?rest_route=\/wp\/v2\/posts"}],"about":[{"href":"https:\/\/diarioregionaldigital.com.br\/index.php?rest_route=\/wp\/v2\/types\/post"}],"author":[{"embeddable":true,"href":"https:\/\/diarioregionaldigital.com.br\/index.php?rest_route=\/wp\/v2\/users\/246"}],"replies":[{"embeddable":true,"href":"https:\/\/diarioregionaldigital.com.br\/index.php?rest_route=%2Fwp%2Fv2%2Fcomments&post=186821"}],"version-history":[{"count":1,"href":"https:\/\/diarioregionaldigital.com.br\/index.php?rest_route=\/wp\/v2\/posts\/186821\/revisions"}],"predecessor-version":[{"id":186823,"href":"https:\/\/diarioregionaldigital.com.br\/index.php?rest_route=\/wp\/v2\/posts\/186821\/revisions\/186823"}],"wp:featuredmedia":[{"embeddable":true,"href":"https:\/\/diarioregionaldigital.com.br\/index.php?rest_route=\/wp\/v2\/media\/186822"}],"wp:attachment":[{"href":"https:\/\/diarioregionaldigital.com.br\/index.php?rest_route=%2Fwp%2Fv2%2Fmedia&parent=186821"}],"wp:term":[{"taxonomy":"category","embeddable":true,"href":"https:\/\/diarioregionaldigital.com.br\/index.php?rest_route=%2Fwp%2Fv2%2Fcategories&post=186821"},{"taxonomy":"post_tag","embeddable":true,"href":"https:\/\/diarioregionaldigital.com.br\/index.php?rest_route=%2Fwp%2Fv2%2Ftags&post=186821"}],"curies":[{"name":"wp","href":"https:\/\/api.w.org\/{rel}","templated":true}]}}