{"id":186818,"date":"2021-08-12T16:45:07","date_gmt":"2021-08-12T19:45:07","guid":{"rendered":"https:\/\/diarioregionaldigital.com.br\/?p=186818"},"modified":"2021-08-12T16:45:07","modified_gmt":"2021-08-12T19:45:07","slug":"covid-19-ultima-etapa-do-mundial-de-surfe-no-taiti-e-cancelada","status":"publish","type":"post","link":"https:\/\/diarioregionaldigital.com.br\/?p=186818","title":{"rendered":"Covid-19: \u00faltima etapa do mundial de surfe no Taiti \u00e9 cancelada"},"content":{"rendered":"<p>A Liga Mundial de Surfe (WSL, sigla em ing\u00eas) cancelou a \u00faltima etapa do circuito mundial de surfe, no Taiti, que come\u00e7aria em 24 de agosto, devido ao estado de emerg\u00eancia declarado na Polin\u00e9sia Francesa, ap\u00f3s o aumento do n\u00famero de casos do novo coronav\u00edrus (covid-19). A atual etapa do M\u00e9xico, em curso na praia de Barra de la Cruz, em Oaxaca, ser\u00e1 a \u00faltima do circuito mundial.<\/p>\n<p>O Centro de Controle e Preven\u00e7\u00e3o de Doen\u00e7as (CDC) classificou arquip\u00e9lago, no qual est\u00e1 inserido o Taiti, como n\u00edvel quatro de contamina\u00e7\u00e3o, e aconselhou os turistas a n\u00e3o viajarem para as ilhas.<\/p>\n<p>\u201cPromover o circuito em meio a uma pandemia global vem sendo um desafio extraordin\u00e1rio para a WSL. Nossa principal preocupa\u00e7\u00e3o sempre foi a sa\u00fade e a seguran\u00e7a de nossos surfistas, do staff e das comunidades locais&#8221;, disse em nota a WSL.<\/p>\n<p>De acordo com a entidade, o Open M\u00e9xico, s\u00e9tima etapa do mundial, passa a ser a \u00faltima do circuito, pois n\u00e3o existem condi\u00e7\u00f5es de substituir o evento do Taiti em \u201cum curto espa\u00e7o de tempo, devido \u00e0s condi\u00e7\u00f5es globais de sa\u00fade e seguran\u00e7a\u201d.<\/p>\n<p>A etapa mexicana definar\u00e1 tamb\u00e9m os cinco surfistas mais bem colocados na temporada que disputar\u00e3o t\u00edtulo de 2021 no WSL Finals, no pr\u00f3ximo m\u00eas. At\u00e9 o momento, tr\u00eas brasileiros lideram o ranking mundial: Gabriel Medina (46.720), \u00cdtalo Ferreira (33.555) e Filipe Toledo (32.065). Na quarta posi\u00e7\u00e3o est\u00e1 o australiano Morgan Cibilic (24.610), seguido do norte-americano Griffin Colapinto (24.235).<\/p>\n<p><span style=\"font-weight: 400;\">Fonte: Ag\u00eancia Brasil <\/span><\/p>\n","protected":false},"excerpt":{"rendered":"<p>A Liga Mundial de Surfe (WSL, sigla em ing\u00eas) cancelou a \u00faltima etapa do circuito mundial de surfe, no Taiti, que come\u00e7aria em 24 de agosto, devido ao estado de emerg\u00eancia declarado na Polin\u00e9sia Francesa, ap\u00f3s o aumento do n\u00famero de casos do novo coronav\u00edrus (covid-19). A atual etapa do M\u00e9xico, em curso na praia [&hellip;]<\/p>\n","protected":false},"author":246,"featured_media":186819,"comment_status":"closed","ping_status":"closed","sticky":false,"template":"","format":"standard","meta":{"footnotes":""},"categories":[440,257,439],"tags":[],"class_list":["post-186818","post","type-post","status-publish","format-standard","has-post-thumbnail","hentry","category-destaques-do-dia","category-esporte","category-ultima-hora"],"_links":{"self":[{"href":"https:\/\/diarioregionaldigital.com.br\/index.php?rest_route=\/wp\/v2\/posts\/186818","targetHints":{"allow":["GET"]}}],"collection":[{"href":"https:\/\/diarioregionaldigital.com.br\/index.php?rest_route=\/wp\/v2\/posts"}],"about":[{"href":"https:\/\/diarioregionaldigital.com.br\/index.php?rest_route=\/wp\/v2\/types\/post"}],"author":[{"embeddable":true,"href":"https:\/\/diarioregionaldigital.com.br\/index.php?rest_route=\/wp\/v2\/users\/246"}],"replies":[{"embeddable":true,"href":"https:\/\/diarioregionaldigital.com.br\/index.php?rest_route=%2Fwp%2Fv2%2Fcomments&post=186818"}],"version-history":[{"count":1,"href":"https:\/\/diarioregionaldigital.com.br\/index.php?rest_route=\/wp\/v2\/posts\/186818\/revisions"}],"predecessor-version":[{"id":186820,"href":"https:\/\/diarioregionaldigital.com.br\/index.php?rest_route=\/wp\/v2\/posts\/186818\/revisions\/186820"}],"wp:featuredmedia":[{"embeddable":true,"href":"https:\/\/diarioregionaldigital.com.br\/index.php?rest_route=\/wp\/v2\/media\/186819"}],"wp:attachment":[{"href":"https:\/\/diarioregionaldigital.com.br\/index.php?rest_route=%2Fwp%2Fv2%2Fmedia&parent=186818"}],"wp:term":[{"taxonomy":"category","embeddable":true,"href":"https:\/\/diarioregionaldigital.com.br\/index.php?rest_route=%2Fwp%2Fv2%2Fcategories&post=186818"},{"taxonomy":"post_tag","embeddable":true,"href":"https:\/\/diarioregionaldigital.com.br\/index.php?rest_route=%2Fwp%2Fv2%2Ftags&post=186818"}],"curies":[{"name":"wp","href":"https:\/\/api.w.org\/{rel}","templated":true}]}}