{"id":186815,"date":"2021-08-12T16:38:05","date_gmt":"2021-08-12T19:38:05","guid":{"rendered":"https:\/\/diarioregionaldigital.com.br\/?p=186815"},"modified":"2021-08-12T16:38:05","modified_gmt":"2021-08-12T19:38:05","slug":"senado-aprova-quebra-de-patentes-de-vacinas-e-insumos-durante-pandemia","status":"publish","type":"post","link":"https:\/\/diarioregionaldigital.com.br\/?p=186815","title":{"rendered":"Senado aprova quebra de patentes de vacinas e insumos durante pandemia"},"content":{"rendered":"<p>O Senado aprovou, nesta quarta-feira (11), o projeto de lei (PL) que permite a quebra tempor\u00e1ria de patentes de insumos e vacinas durante per\u00edodos de calamidade na sa\u00fade, como a pandemia de covid-19. Em julho, a mat\u00e9ria,\u00a0de autoria do senador Paulo Paim (PT-RS) e relatada pelo senador Nelsinho Trad (PSD-MS), foi aprovada pela C\u00e2mara dos Deputados. Como sofreu modifica\u00e7\u00f5es na C\u00e2mara, voltou ao Senado para nova vota\u00e7\u00e3o.<img decoding=\"async\" src=\"https:\/\/agenciabrasil.ebc.com.br\/ebc.png?id=1418188&amp;o=node\" \/><img decoding=\"async\" src=\"https:\/\/agenciabrasil.ebc.com.br\/ebc.gif?id=1418188&amp;o=node\" \/><\/p>\n<p>O texto segue para san\u00e7\u00e3o da Presid\u00eancia da Rep\u00fablica.<\/p>\n<p>De acordo com o projeto, de autoria do senador Paulo Paim (PT-RS) e relatada pelo senador Nelsinho Trad (PSD-MS), o detentor da patente ou do pedido dela, caso ainda n\u00e3o obtida, receber\u00e1 o valor de 1,5% do pre\u00e7o l\u00edquido de venda do produto derivado em<em>\u00a0royalties<\/em>\u00a0at\u00e9 que seu valor seja definido.<\/p>\n<p>Em caso de pedidos de patente, os valores somente ser\u00e3o devidos caso ela seja concedida. O pagamento corresponder\u00e1 a todo o per\u00edodo da licen\u00e7a compuls\u00f3ria concedida a outros fabricantes n\u00e3o autorizados antes da quebra da patente.<\/p>\n<p>Pelas regras, n\u00e3o poder\u00e3o estar as patentes e os pedidos de patentes que forem objetos de acordos de transfer\u00eancia da tecnologia de produ\u00e7\u00e3o ou de licenciamento volunt\u00e1rio se capazes de assegurar o atendimento da demanda interna.<\/p>\n<p><span style=\"font-weight: 400;\"><br \/>\n<\/span><span style=\"font-weight: 400;\">Fonte: Ag\u00eancia Brasil <\/span><\/p>\n","protected":false},"excerpt":{"rendered":"<p>O Senado aprovou, nesta quarta-feira (11), o projeto de lei (PL) que permite a quebra tempor\u00e1ria de patentes de insumos e vacinas durante per\u00edodos de calamidade na sa\u00fade, como a pandemia de covid-19. Em julho, a mat\u00e9ria,\u00a0de autoria do senador Paulo Paim (PT-RS) e relatada pelo senador Nelsinho Trad (PSD-MS), foi aprovada pela C\u00e2mara dos [&hellip;]<\/p>\n","protected":false},"author":246,"featured_media":186816,"comment_status":"closed","ping_status":"closed","sticky":false,"template":"","format":"standard","meta":{"footnotes":""},"categories":[436,254,439],"tags":[],"class_list":["post-186815","post","type-post","status-publish","format-standard","has-post-thumbnail","hentry","category-destaque-da-semana","category-politica","category-ultima-hora"],"_links":{"self":[{"href":"https:\/\/diarioregionaldigital.com.br\/index.php?rest_route=\/wp\/v2\/posts\/186815","targetHints":{"allow":["GET"]}}],"collection":[{"href":"https:\/\/diarioregionaldigital.com.br\/index.php?rest_route=\/wp\/v2\/posts"}],"about":[{"href":"https:\/\/diarioregionaldigital.com.br\/index.php?rest_route=\/wp\/v2\/types\/post"}],"author":[{"embeddable":true,"href":"https:\/\/diarioregionaldigital.com.br\/index.php?rest_route=\/wp\/v2\/users\/246"}],"replies":[{"embeddable":true,"href":"https:\/\/diarioregionaldigital.com.br\/index.php?rest_route=%2Fwp%2Fv2%2Fcomments&post=186815"}],"version-history":[{"count":1,"href":"https:\/\/diarioregionaldigital.com.br\/index.php?rest_route=\/wp\/v2\/posts\/186815\/revisions"}],"predecessor-version":[{"id":186817,"href":"https:\/\/diarioregionaldigital.com.br\/index.php?rest_route=\/wp\/v2\/posts\/186815\/revisions\/186817"}],"wp:featuredmedia":[{"embeddable":true,"href":"https:\/\/diarioregionaldigital.com.br\/index.php?rest_route=\/wp\/v2\/media\/186816"}],"wp:attachment":[{"href":"https:\/\/diarioregionaldigital.com.br\/index.php?rest_route=%2Fwp%2Fv2%2Fmedia&parent=186815"}],"wp:term":[{"taxonomy":"category","embeddable":true,"href":"https:\/\/diarioregionaldigital.com.br\/index.php?rest_route=%2Fwp%2Fv2%2Fcategories&post=186815"},{"taxonomy":"post_tag","embeddable":true,"href":"https:\/\/diarioregionaldigital.com.br\/index.php?rest_route=%2Fwp%2Fv2%2Ftags&post=186815"}],"curies":[{"name":"wp","href":"https:\/\/api.w.org\/{rel}","templated":true}]}}