{"id":186812,"date":"2021-08-12T16:36:33","date_gmt":"2021-08-12T19:36:33","guid":{"rendered":"https:\/\/diarioregionaldigital.com.br\/?p=186812"},"modified":"2021-08-12T16:36:33","modified_gmt":"2021-08-12T19:36:33","slug":"bolsonaro-participa-de-solenidade-de-promocao-de-oficiais-generais","status":"publish","type":"post","link":"https:\/\/diarioregionaldigital.com.br\/?p=186812","title":{"rendered":"Bolsonaro participa de solenidade de promo\u00e7\u00e3o de oficiais-generais"},"content":{"rendered":"<p>O presidente Jair Bolsonaro participou hoje (12) da\u00a0<a href=\"https:\/\/www.youtube.com\/watch?v=6TdRyRrfGa4\" target=\"_blank\" rel=\"noopener\">solenidade de promo\u00e7\u00e3o<\/a>\u00a0de oficiais-generais do Ex\u00e9rcito, em Bras\u00edlia. Ao parabenizar os rec\u00e9m-promovidos, Bolsonaro disse que a confian\u00e7a na corpora\u00e7\u00e3o, no \u201cmomento dif\u00edcil que n\u00f3s atravessamos\u201d, d\u00e1 \u201ca certeza de que o Brasil est\u00e1 no caminho certo e brevemente voltar\u00e1 ao patamar da paz, da tranquilidade e do progresso\u201d.<img decoding=\"async\" src=\"https:\/\/agenciabrasil.ebc.com.br\/ebc.png?id=1418235&amp;o=node\" \/><img decoding=\"async\" src=\"https:\/\/agenciabrasil.ebc.com.br\/ebc.gif?id=1418235&amp;o=node\" \/><\/p>\n<p>\u201cSe o Brasil vive momentos dif\u00edceis, em grande parte nos conforta a uni\u00e3o aos princ\u00edpios e aos valores dos seus militares. Em todo o momento que a p\u00e1tria os chamou, os senhores estiveram presentes. Isso conforta ao governo e ao seu povo\u201d, disse.<\/p>\n<p>O presidente estava acompanhado pelo vice-presidente Hamilton Mour\u00e3o e por ministros de Estado. No evento, os novos generais do Ex\u00e9rcito tamb\u00e9m receberam a medalha da Ordem do M\u00e9rito Militar por servi\u00e7os prestados. \u00c0 tarde, no Pal\u00e1cio do Planalto, haver\u00e1 cerim\u00f4nia de cumprimentos aos oficiais-generais promovidos.<\/p>\n<p>O decreto de promo\u00e7\u00e3o foi publicado em 28 de julho no\u00a0<a href=\"https:\/\/pesquisa.in.gov.br\/imprensa\/jsp\/visualiza\/index.jsp?data=28\/07\/2021&amp;jornal=529&amp;pagina=3&amp;totalArquivos=44\" target=\"_blank\" rel=\"noopener\">Di\u00e1rio Oficial da Uni\u00e3o<\/a>.<\/p>\n<p><span style=\"font-weight: 400;\">Fonte: Ag\u00eancia Brasil <\/span><\/p>\n","protected":false},"excerpt":{"rendered":"<p>O presidente Jair Bolsonaro participou hoje (12) da\u00a0solenidade de promo\u00e7\u00e3o\u00a0de oficiais-generais do Ex\u00e9rcito, em Bras\u00edlia. Ao parabenizar os rec\u00e9m-promovidos, Bolsonaro disse que a confian\u00e7a na corpora\u00e7\u00e3o, no \u201cmomento dif\u00edcil que n\u00f3s atravessamos\u201d, d\u00e1 \u201ca certeza de que o Brasil est\u00e1 no caminho certo e brevemente voltar\u00e1 ao patamar da paz, da tranquilidade e do progresso\u201d. [&hellip;]<\/p>\n","protected":false},"author":246,"featured_media":186813,"comment_status":"closed","ping_status":"closed","sticky":false,"template":"","format":"standard","meta":{"footnotes":""},"categories":[436,254,439],"tags":[],"class_list":["post-186812","post","type-post","status-publish","format-standard","has-post-thumbnail","hentry","category-destaque-da-semana","category-politica","category-ultima-hora"],"_links":{"self":[{"href":"https:\/\/diarioregionaldigital.com.br\/index.php?rest_route=\/wp\/v2\/posts\/186812","targetHints":{"allow":["GET"]}}],"collection":[{"href":"https:\/\/diarioregionaldigital.com.br\/index.php?rest_route=\/wp\/v2\/posts"}],"about":[{"href":"https:\/\/diarioregionaldigital.com.br\/index.php?rest_route=\/wp\/v2\/types\/post"}],"author":[{"embeddable":true,"href":"https:\/\/diarioregionaldigital.com.br\/index.php?rest_route=\/wp\/v2\/users\/246"}],"replies":[{"embeddable":true,"href":"https:\/\/diarioregionaldigital.com.br\/index.php?rest_route=%2Fwp%2Fv2%2Fcomments&post=186812"}],"version-history":[{"count":1,"href":"https:\/\/diarioregionaldigital.com.br\/index.php?rest_route=\/wp\/v2\/posts\/186812\/revisions"}],"predecessor-version":[{"id":186814,"href":"https:\/\/diarioregionaldigital.com.br\/index.php?rest_route=\/wp\/v2\/posts\/186812\/revisions\/186814"}],"wp:featuredmedia":[{"embeddable":true,"href":"https:\/\/diarioregionaldigital.com.br\/index.php?rest_route=\/wp\/v2\/media\/186813"}],"wp:attachment":[{"href":"https:\/\/diarioregionaldigital.com.br\/index.php?rest_route=%2Fwp%2Fv2%2Fmedia&parent=186812"}],"wp:term":[{"taxonomy":"category","embeddable":true,"href":"https:\/\/diarioregionaldigital.com.br\/index.php?rest_route=%2Fwp%2Fv2%2Fcategories&post=186812"},{"taxonomy":"post_tag","embeddable":true,"href":"https:\/\/diarioregionaldigital.com.br\/index.php?rest_route=%2Fwp%2Fv2%2Ftags&post=186812"}],"curies":[{"name":"wp","href":"https:\/\/api.w.org\/{rel}","templated":true}]}}