{"id":186802,"date":"2021-08-12T16:23:59","date_gmt":"2021-08-12T19:23:59","guid":{"rendered":"https:\/\/diarioregionaldigital.com.br\/?p=186802"},"modified":"2021-08-12T16:23:59","modified_gmt":"2021-08-12T19:23:59","slug":"movimentacao-de-cargas-nos-portos-cresce-94-no-primeiro-semestre","status":"publish","type":"post","link":"https:\/\/diarioregionaldigital.com.br\/?p=186802","title":{"rendered":"Movimenta\u00e7\u00e3o de cargas nos portos cresce 9,4% no primeiro semestre"},"content":{"rendered":"<p>A movimenta\u00e7\u00e3o de cargas no setor portu\u00e1rio cresceu 9,4% no primeiro semestre em rela\u00e7\u00e3o ao mesmo per\u00edodo do ano passado, informou hoje (12) a Ag\u00eancia Nacional de Transportes Aquavi\u00e1rios (Antaq). Segundo a ag\u00eancia, os portos organizados, terminais autorizados e arrendados movimentaram 591,9 milh\u00f5es de toneladas no per\u00edodo. As informa\u00e7\u00f5es constam do painel Estat\u00edstico Aquavi\u00e1rio da Antaq.<img decoding=\"async\" src=\"https:\/\/agenciabrasil.ebc.com.br\/ebc.png?id=1418252&amp;o=node\" \/><img decoding=\"async\" src=\"https:\/\/agenciabrasil.ebc.com.br\/ebc.gif?id=1418252&amp;o=node\" \/><\/p>\n<p>O painel destaca que, na compara\u00e7\u00e3o com o primeiro semestre do ano passado, houve crescimento em rela\u00e7\u00e3o ao perfil da carga. O aumento foi de 6,4% na movimenta\u00e7\u00e3o de granel s\u00f3lido, 11,6% no granel l\u00edquido, 16,3% em cont\u00eaineres e 19,1% na carga geral solta.<\/p>\n<p>No primeiro semestre, foram movimentadas 343,2 milh\u00f5es de toneladas de granel s\u00f3lido, representando 58% do total no per\u00edodo. O destaque foi o min\u00e9rio de ferro, que movimentou 171,8 milh\u00f5es de toneladas, o que corresponde a um crescimento de 12% em compara\u00e7\u00e3o ao mesmo per\u00edodo de 2021. Em segundo lugar, veio o petr\u00f3leo, cuja movimenta\u00e7\u00e3o cresceu 8%, somando 97,2 milh\u00f5es de toneladas.<\/p>\n<p>J\u00e1 o granel liquido, respons\u00e1vel por 28% da carga, movimentou 153,5 milh\u00f5es de toneladas; os cont\u00eaineres, respons\u00e1veis por 11% da carga, responderam por 65,4 milh\u00f5es de toneladas. As cargas em geral movimentaram 29,7 milh\u00f5es de toneladas, correspondendo a 5% do total das cargas.<\/p>\n<p>De acordo com o painel, o porto que mais se destacou foi o de Vit\u00f3ria, que registrou crescimento de 30,6% no primeiro semestre e movimentou 3,7 milh\u00f5es de toneladas de cargas.<\/p>\n<p>Segundo a Antaq, a expectativa para o segundo semestre \u00e9 que os portos brasileiros movimentem 626 milh\u00f5es de toneladas. Para este ano, a estimativa \u00e9 de 1,218 bilh\u00e3o de toneladas, o que representa aumento de 5,5% do setor em rela\u00e7\u00e3o ao ano passado.<\/p>\n<p><span style=\"font-weight: 400;\">Fonte: Ag\u00eancia Brasil <\/span><\/p>\n","protected":false},"excerpt":{"rendered":"<p>A movimenta\u00e7\u00e3o de cargas no setor portu\u00e1rio cresceu 9,4% no primeiro semestre em rela\u00e7\u00e3o ao mesmo per\u00edodo do ano passado, informou hoje (12) a Ag\u00eancia Nacional de Transportes Aquavi\u00e1rios (Antaq). Segundo a ag\u00eancia, os portos organizados, terminais autorizados e arrendados movimentaram 591,9 milh\u00f5es de toneladas no per\u00edodo. As informa\u00e7\u00f5es constam do painel Estat\u00edstico Aquavi\u00e1rio da [&hellip;]<\/p>\n","protected":false},"author":246,"featured_media":186803,"comment_status":"closed","ping_status":"closed","sticky":false,"template":"","format":"standard","meta":{"footnotes":""},"categories":[436,261,439],"tags":[],"class_list":["post-186802","post","type-post","status-publish","format-standard","has-post-thumbnail","hentry","category-destaque-da-semana","category-economia","category-ultima-hora"],"_links":{"self":[{"href":"https:\/\/diarioregionaldigital.com.br\/index.php?rest_route=\/wp\/v2\/posts\/186802","targetHints":{"allow":["GET"]}}],"collection":[{"href":"https:\/\/diarioregionaldigital.com.br\/index.php?rest_route=\/wp\/v2\/posts"}],"about":[{"href":"https:\/\/diarioregionaldigital.com.br\/index.php?rest_route=\/wp\/v2\/types\/post"}],"author":[{"embeddable":true,"href":"https:\/\/diarioregionaldigital.com.br\/index.php?rest_route=\/wp\/v2\/users\/246"}],"replies":[{"embeddable":true,"href":"https:\/\/diarioregionaldigital.com.br\/index.php?rest_route=%2Fwp%2Fv2%2Fcomments&post=186802"}],"version-history":[{"count":1,"href":"https:\/\/diarioregionaldigital.com.br\/index.php?rest_route=\/wp\/v2\/posts\/186802\/revisions"}],"predecessor-version":[{"id":186804,"href":"https:\/\/diarioregionaldigital.com.br\/index.php?rest_route=\/wp\/v2\/posts\/186802\/revisions\/186804"}],"wp:featuredmedia":[{"embeddable":true,"href":"https:\/\/diarioregionaldigital.com.br\/index.php?rest_route=\/wp\/v2\/media\/186803"}],"wp:attachment":[{"href":"https:\/\/diarioregionaldigital.com.br\/index.php?rest_route=%2Fwp%2Fv2%2Fmedia&parent=186802"}],"wp:term":[{"taxonomy":"category","embeddable":true,"href":"https:\/\/diarioregionaldigital.com.br\/index.php?rest_route=%2Fwp%2Fv2%2Fcategories&post=186802"},{"taxonomy":"post_tag","embeddable":true,"href":"https:\/\/diarioregionaldigital.com.br\/index.php?rest_route=%2Fwp%2Fv2%2Ftags&post=186802"}],"curies":[{"name":"wp","href":"https:\/\/api.w.org\/{rel}","templated":true}]}}