{"id":186796,"date":"2021-08-12T16:20:15","date_gmt":"2021-08-12T19:20:15","guid":{"rendered":"https:\/\/diarioregionaldigital.com.br\/?p=186796"},"modified":"2021-08-12T16:20:15","modified_gmt":"2021-08-12T19:20:15","slug":"campos-neto-diz-que-fara-o-necessario-para-manter-inflacao-controlada","status":"publish","type":"post","link":"https:\/\/diarioregionaldigital.com.br\/?p=186796","title":{"rendered":"Campos Neto diz que far\u00e1 o necess\u00e1rio para manter infla\u00e7\u00e3o controlada"},"content":{"rendered":"<p>O presidente do Banco Central (BC), Roberto Campos Neto, voltou a afirmar\u00a0hoje (12)\u00a0que a institui\u00e7\u00e3o financeira far\u00e1 \u201co que for preciso\u201d para manter\u00a0a infla\u00e7\u00e3o dentro das metas estabelecidas.<img decoding=\"async\" src=\"https:\/\/agenciabrasil.ebc.com.br\/ebc.png?id=1418250&amp;o=node\" \/><img decoding=\"async\" src=\"https:\/\/agenciabrasil.ebc.com.br\/ebc.gif?id=1418250&amp;o=node\" \/><\/p>\n<p>\u201cVamos usar todo instrumento\u00a0existente, na medida em que for preciso,\u00a0para que as\u00a0infla\u00e7\u00f5es\u00a0fiquem\u00a0ancoradas\u00a0no\u00a0m\u00e9dio e longo\u00a0prazo\u201d,\u00a0afirmou Campos Neto\u00a0ao participar, nesta manh\u00e3, do 33\u00ba Congresso Nacional Associa\u00e7\u00e3o Brasileira de Bares e Restaurantes (Abrasel).<\/p>\n<p>A mensagem, segundo ele, visa a tranquilizar o mercado quanto \u00e0 capacidade do Brasil de manter a estabilidade fiscal em meio a \u201csucessivos choques\u201d que v\u00eam afetando a economia global.<\/p>\n<p>\u201cEntendemos que, quando o BC passou uma mensagem mais dura em rela\u00e7\u00e3o a isso, as infla\u00e7\u00f5es impl\u00edcitas\u00a0de longo prazo, que est\u00e3o muito ligadas \u00e0 percep\u00e7\u00e3o fiscal, come\u00e7aram a cair. Por isso \u00e9 t\u00e3o importante passar a mensagem de credibilidade fiscal para os agentes econ\u00f4micos\u201d, acrescentou. Ele ressaltou que\u00a0grandes investidores est\u00e3o atentos ao grau de endividamento dos pa\u00edses emergentes, dentre os quais, o Brasil, cuja d\u00edvida p\u00fablica j\u00e1 vinha crescendo antes mesmo da pandemia.<\/p>\n<p>\u201cO Brasil \u00e9 um pa\u00eds altamente endividado. E h\u00e1 uma percep\u00e7\u00e3o de piora fiscal, uma expectativa quanto ao que o Brasil vai fazer para voltar aos trilhos do equil\u00edbrio fiscal. Qualquer not\u00edcia que leva os agentes econ\u00f4micos a entenderem que h\u00e1 uma desestabiliza\u00e7\u00e3o fiscal, isso tem efeito nas vari\u00e1veis macroecon\u00f4micas, o que tem influ\u00eancia na recupera\u00e7\u00e3o do crescimento econ\u00f4mico\u201d, disse Campos Neto. Ele mencionou que,\u00a0devido a este contexto, as taxas de juros v\u00eam subindo em v\u00e1rios pa\u00edses, incluindo o Brasil.<\/p>\n<p>No \u00faltimo dia 4,\u00a0o Comit\u00ea de Pol\u00edtica Monet\u00e1ria (Copom)\u00a0<a href=\"https:\/\/agenciabrasil.ebc.com.br\/economia\/noticia\/2021-08\/copom-eleva-juros-basicos-da-economia-para-525-ao-ano\" target=\"_blank\" rel=\"noopener\">elevou\u00a0a taxa Selic<\/a>, juros b\u00e1sicos da economia, de 4,25% para 5,25% ao ano, a fim de tentar conter a escalada inflacion\u00e1ria no pa\u00eds, puxada pelo aumento da infla\u00e7\u00e3o de alimentos, combust\u00edveis e energia.<\/p>\n<p>Ainda assim, o\u00a0Boletim Focus, divulgado pelo Banco Central no\u00a0\u00faltimo dia 9, mostrou que<a href=\"http:\/\/agenciabrasil.ebc.com.br\/economia\/noticia\/2021-08\/mercado-financeiro-eleva-projecao-da-inflacao-para-688-este-ano\" target=\"_blank\" rel=\"noopener\">\u00a0<\/a><a href=\"https:\/\/agenciabrasil.ebc.com.br\/economia\/noticia\/2021-08\/mercado-financeiro-eleva-projecao-da-inflacao-para-688-este-ano\" target=\"_blank\" rel=\"noopener\">as principais institui\u00e7\u00f5es financeiras elevar<\/a><a href=\"http:\/\/agenciabrasil.ebc.com.br\/economia\/noticia\/2021-08\/mercado-financeiro-eleva-projecao-da-inflacao-para-688-este-ano\" target=\"_blank\" rel=\"noopener\">am\u00a0de 6,79% para 6,88% a previs\u00e3o de infla\u00e7\u00e3o oficial<\/a>, medida pelo \u00cdndice Nacional de Pre\u00e7os ao Consumidor (IPCA) para este ano. O boletim traz a\u00a0pesquisa semanal divulgada pelo Banco Central,\u00a0com a proje\u00e7\u00e3o de institui\u00e7\u00f5es financeiras para os principais indicadores econ\u00f4micos.<\/p>\n<p>A estimativa ultrapassa a meta estipulada pelo Conselho Monet\u00e1rio Nacional (CMN), que \u00e9 de 3,75%, com 1,5 ponto percentual de toler\u00e2ncia, ou seja, entre 2,25% e 5,25%. Para 2022 e 2023, a meta \u00e9 3,25% e 3%, respectivamente, com 1,5 ponto de toler\u00e2ncia.<\/p>\n<p><strong>Vacinas<\/strong><\/p>\n<p>O presidente do Banco Central reconheceu que, em termos macroecon\u00f4micos, o Brasil continua sendo impactado pelos efeitos da pandemia de covid-19, mas frisou que, com o avan\u00e7o da vacina\u00e7\u00e3o da popula\u00e7\u00e3o, a atividade econ\u00f4mica vem sendo\u00a0gradualmente\u00a0retomada.<\/p>\n<p>\u201cQuando comparamos o n\u00famero de casos [de pessoas infectadas recentemente pelo novo coronav\u00edrus] com o n\u00famero de \u00f3bitos, [vemos que] a vacina\u00e7\u00e3o \u00e9 muito efetiva e \u00e9 a sa\u00edda que imagin\u00e1vamos que proporcionaria a reabertura da economia\u201d, disse, citando dados internacionais que, segundo ele, atestam a efic\u00e1cia dos imunizantes.<\/p>\n<p>\u201cOs \u00f3bitos geram medo e reduzem a mobilidade, sendo respons\u00e1veis\u00a0pelos efeitos da pandemia que temos visto na economia. Com a mortalidade caindo,\u00a0nas pr\u00f3ximas semanas, o fator fundamental [para o sucesso da campanha de imuniza\u00e7\u00e3o] n\u00e3o ser\u00e1 tanto a disponibilidade de vacinas, mas, sim, a rejei\u00e7\u00e3o a elas. No Brasil, este \u00edndice \u00e9 relativamente baixo e, na medida em que a vacina\u00e7\u00e3o aumente, nosso percentual de pessoas vacinadas ultrapasse os de outros pa\u00edses onde, apesar da maior disponibilidade de vacinas, a rejei\u00e7\u00e3o \u00e9 mais alta\u201d, acrescentou.<\/p>\n<p><span style=\"font-weight: 400;\">Fonte: Ag\u00eancia Brasil <\/span><\/p>\n","protected":false},"excerpt":{"rendered":"<p>O presidente do Banco Central (BC), Roberto Campos Neto, voltou a afirmar\u00a0hoje (12)\u00a0que a institui\u00e7\u00e3o financeira far\u00e1 \u201co que for preciso\u201d para manter\u00a0a infla\u00e7\u00e3o dentro das metas estabelecidas. \u201cVamos usar todo instrumento\u00a0existente, na medida em que for preciso,\u00a0para que as\u00a0infla\u00e7\u00f5es\u00a0fiquem\u00a0ancoradas\u00a0no\u00a0m\u00e9dio e longo\u00a0prazo\u201d,\u00a0afirmou Campos Neto\u00a0ao participar, nesta manh\u00e3, do 33\u00ba Congresso Nacional Associa\u00e7\u00e3o Brasileira de Bares [&hellip;]<\/p>\n","protected":false},"author":246,"featured_media":186797,"comment_status":"closed","ping_status":"closed","sticky":false,"template":"","format":"standard","meta":{"footnotes":""},"categories":[436,261,439],"tags":[],"class_list":["post-186796","post","type-post","status-publish","format-standard","has-post-thumbnail","hentry","category-destaque-da-semana","category-economia","category-ultima-hora"],"_links":{"self":[{"href":"https:\/\/diarioregionaldigital.com.br\/index.php?rest_route=\/wp\/v2\/posts\/186796","targetHints":{"allow":["GET"]}}],"collection":[{"href":"https:\/\/diarioregionaldigital.com.br\/index.php?rest_route=\/wp\/v2\/posts"}],"about":[{"href":"https:\/\/diarioregionaldigital.com.br\/index.php?rest_route=\/wp\/v2\/types\/post"}],"author":[{"embeddable":true,"href":"https:\/\/diarioregionaldigital.com.br\/index.php?rest_route=\/wp\/v2\/users\/246"}],"replies":[{"embeddable":true,"href":"https:\/\/diarioregionaldigital.com.br\/index.php?rest_route=%2Fwp%2Fv2%2Fcomments&post=186796"}],"version-history":[{"count":1,"href":"https:\/\/diarioregionaldigital.com.br\/index.php?rest_route=\/wp\/v2\/posts\/186796\/revisions"}],"predecessor-version":[{"id":186798,"href":"https:\/\/diarioregionaldigital.com.br\/index.php?rest_route=\/wp\/v2\/posts\/186796\/revisions\/186798"}],"wp:featuredmedia":[{"embeddable":true,"href":"https:\/\/diarioregionaldigital.com.br\/index.php?rest_route=\/wp\/v2\/media\/186797"}],"wp:attachment":[{"href":"https:\/\/diarioregionaldigital.com.br\/index.php?rest_route=%2Fwp%2Fv2%2Fmedia&parent=186796"}],"wp:term":[{"taxonomy":"category","embeddable":true,"href":"https:\/\/diarioregionaldigital.com.br\/index.php?rest_route=%2Fwp%2Fv2%2Fcategories&post=186796"},{"taxonomy":"post_tag","embeddable":true,"href":"https:\/\/diarioregionaldigital.com.br\/index.php?rest_route=%2Fwp%2Fv2%2Ftags&post=186796"}],"curies":[{"name":"wp","href":"https:\/\/api.w.org\/{rel}","templated":true}]}}