{"id":186793,"date":"2021-08-12T16:17:43","date_gmt":"2021-08-12T19:17:43","guid":{"rendered":"https:\/\/diarioregionaldigital.com.br\/?p=186793"},"modified":"2021-08-12T16:17:43","modified_gmt":"2021-08-12T19:17:43","slug":"consumo-das-familias-cresce-4-em-junho-diz-abras","status":"publish","type":"post","link":"https:\/\/diarioregionaldigital.com.br\/?p=186793","title":{"rendered":"Consumo das fam\u00edlias cresce 4% em junho, diz Abras"},"content":{"rendered":"<p>O consumo das fam\u00edlias aumentou 4% no primeiro semestre do ano em compara\u00e7\u00e3o com o per\u00edodo de janeiro a junho de 2020, segundo levantamento divulgado hoje (12) pela Associa\u00e7\u00e3o Brasileira de Supermercados (Abras).<\/p>\n<p>Em junho, no entanto, o \u00cdndice Nacional de Consumo nos Lares Brasileiros teve queda de 0,68% na compara\u00e7\u00e3o com o mesmo m\u00eas do ano passado. Segundo o vice-presidente Administrativo e Institucional da Abras, Marcio Milan, o resultado \u00e9 o primeiro recuo nas vendas registrado neste ano. \u201cIsso mostra um ponto de aten\u00e7\u00e3o\u201d, enfatizou.<\/p>\n<p>De acordo com Milan, a alta no semestre foi puxada por fatores como a prorroga\u00e7\u00e3o do aux\u00edlio emergencial, o pagamento da segunda parcela do 13\u00ba para os aposentados e pensionistas e o pagamento do segundo lote da restitui\u00e7\u00e3o do Imposto de Renda.<\/p>\n<p>As perspectivas para o ano ainda s\u00e3o de crescimento de 4,5% no consumo das fam\u00edlias em 2020. O cen\u00e1rio positivo deve ser poss\u00edvel, na avalia\u00e7\u00e3o de Milan, pela melhora da situa\u00e7\u00e3o econ\u00f4mica possibilitada pelo avan\u00e7o da imuniza\u00e7\u00e3o contra a covid-19. \u201cO Brasil vem avan\u00e7ando na vacina\u00e7\u00e3o. Em S\u00e3o Paulo e outros estados a gente j\u00e1 vai ter uma cobertura de todas as pessoas adultas [nos pr\u00f3ximos dias]\u201d, destacou.<\/p>\n<p>Ainda devem contribuir para a expans\u00e3o do consumo as novas rodadas do aux\u00edlio emergencial e de restitui\u00e7\u00e3o do Imposto de Renda, acrescentou o vice-presidente da Abras.<\/p>\n<p>Milan disse ainda que as empresas do setor de supermercados est\u00e3o otimistas e ampliando os investimentos. Segundo ele, no primeiro semestre do ano, os supermercados e hipermercados abriram 60 novas lojas no pa\u00eds.<img decoding=\"async\" src=\"https:\/\/agenciabrasil.ebc.com.br\/ebc.png?id=1418265&amp;o=node\" \/><img decoding=\"async\" src=\"https:\/\/agenciabrasil.ebc.com.br\/ebc.gif?id=1418265&amp;o=node\" \/><\/p>\n<p><strong>Infla\u00e7\u00e3o<\/strong><\/p>\n<p>O custo da cesta com os 35 produtos mais vendidos em supermercados pesquisada pela Abras aumentou 22,1% em junho na compara\u00e7\u00e3o com o mesmo m\u00eas do ano passado, estando atualmente estimada em R$ 662,12. Est\u00e3o inclu\u00eddos nessa lista alimentos, cerveja e produtos de higiene.<\/p>\n<p>O aumento dos pre\u00e7os tem levado muitos consumidores a buscar alternativas mais baratas dos produtos de prefer\u00eancia. \u201cO consumidor acaba optando por outras marcas para poder exatamente olhar o seu bolso\u201d, disse Milan.<\/p>\n<p>H\u00e1 ainda a possibilidade de substituir um produto por outro mais barato. \u00c9 o caso de fam\u00edlias que passam, por exemplo, a consumir menos carne bovina e optam pelo frango, carne su\u00edna ou ovos.<\/p>\n<p><span style=\"font-weight: 400;\">Fonte: Ag\u00eancia Brasil <\/span><\/p>\n","protected":false},"excerpt":{"rendered":"<p>O consumo das fam\u00edlias aumentou 4% no primeiro semestre do ano em compara\u00e7\u00e3o com o per\u00edodo de janeiro a junho de 2020, segundo levantamento divulgado hoje (12) pela Associa\u00e7\u00e3o Brasileira de Supermercados (Abras). Em junho, no entanto, o \u00cdndice Nacional de Consumo nos Lares Brasileiros teve queda de 0,68% na compara\u00e7\u00e3o com o mesmo m\u00eas [&hellip;]<\/p>\n","protected":false},"author":246,"featured_media":186794,"comment_status":"closed","ping_status":"closed","sticky":false,"template":"","format":"standard","meta":{"footnotes":""},"categories":[436,440,261,439],"tags":[],"class_list":["post-186793","post","type-post","status-publish","format-standard","has-post-thumbnail","hentry","category-destaque-da-semana","category-destaques-do-dia","category-economia","category-ultima-hora"],"_links":{"self":[{"href":"https:\/\/diarioregionaldigital.com.br\/index.php?rest_route=\/wp\/v2\/posts\/186793","targetHints":{"allow":["GET"]}}],"collection":[{"href":"https:\/\/diarioregionaldigital.com.br\/index.php?rest_route=\/wp\/v2\/posts"}],"about":[{"href":"https:\/\/diarioregionaldigital.com.br\/index.php?rest_route=\/wp\/v2\/types\/post"}],"author":[{"embeddable":true,"href":"https:\/\/diarioregionaldigital.com.br\/index.php?rest_route=\/wp\/v2\/users\/246"}],"replies":[{"embeddable":true,"href":"https:\/\/diarioregionaldigital.com.br\/index.php?rest_route=%2Fwp%2Fv2%2Fcomments&post=186793"}],"version-history":[{"count":1,"href":"https:\/\/diarioregionaldigital.com.br\/index.php?rest_route=\/wp\/v2\/posts\/186793\/revisions"}],"predecessor-version":[{"id":186795,"href":"https:\/\/diarioregionaldigital.com.br\/index.php?rest_route=\/wp\/v2\/posts\/186793\/revisions\/186795"}],"wp:featuredmedia":[{"embeddable":true,"href":"https:\/\/diarioregionaldigital.com.br\/index.php?rest_route=\/wp\/v2\/media\/186794"}],"wp:attachment":[{"href":"https:\/\/diarioregionaldigital.com.br\/index.php?rest_route=%2Fwp%2Fv2%2Fmedia&parent=186793"}],"wp:term":[{"taxonomy":"category","embeddable":true,"href":"https:\/\/diarioregionaldigital.com.br\/index.php?rest_route=%2Fwp%2Fv2%2Fcategories&post=186793"},{"taxonomy":"post_tag","embeddable":true,"href":"https:\/\/diarioregionaldigital.com.br\/index.php?rest_route=%2Fwp%2Fv2%2Ftags&post=186793"}],"curies":[{"name":"wp","href":"https:\/\/api.w.org\/{rel}","templated":true}]}}