{"id":186791,"date":"2021-08-12T12:37:48","date_gmt":"2021-08-12T15:37:48","guid":{"rendered":"https:\/\/diarioregionaldigital.com.br\/?p=186791"},"modified":"2021-08-12T12:37:48","modified_gmt":"2021-08-12T15:37:48","slug":"covid-19-municipio-contabiliza-0-mortes-nas-ultimas-24h-2","status":"publish","type":"post","link":"https:\/\/diarioregionaldigital.com.br\/?p=186791","title":{"rendered":"Covid-19: Munic\u00edpio contabiliza 0 mortes nas \u00faltimas 24h"},"content":{"rendered":"<p>O novo boletim epidemiol\u00f3gico divulgado nesta quarta-feira (11) pela Secretaria de Sa\u00fade (SS) da Prefeitura de Juiz de Fora (PJF), aponta que o munic\u00edpio contabilizou mais 126 novos casos por Coronav\u00edrus, totalizando 42.566 pessoas infectadas. Segundo o levantamento, foram notificados mais 0 mortes, acumulando 1.891 vidas perdidas e 176 pacientes est\u00e3o suspeitos de terem a doen\u00e7a.<\/p>\n<p><b>Leitos\u00a0<\/b><\/p>\n<p>Segundo informa\u00e7\u00f5es da PJF, 168 pessoas est\u00e3o hospitalizadas por covid-19 no munic\u00edpio. Ao todo, 63 pacientes ocupam leitos de UTI (p\u00fablico e privado) e 105 de enfermaria. A taxa de ocupa\u00e7\u00e3o dos leitos de UTI da rede p\u00fablica \u00e9 de 32,43%. J\u00e1 os leitos de Enfermaria do Sus 39,09% est\u00e3o ocupados.<\/p>\n","protected":false},"excerpt":{"rendered":"<p>O novo boletim epidemiol\u00f3gico divulgado nesta quarta-feira (11) pela Secretaria de Sa\u00fade (SS) da Prefeitura de Juiz de Fora (PJF), aponta que o munic\u00edpio contabilizou mais 126 novos casos por Coronav\u00edrus, totalizando 42.566 pessoas infectadas. Segundo o levantamento, foram notificados mais 0 mortes, acumulando 1.891 vidas perdidas e 176 pacientes est\u00e3o suspeitos de terem a [&hellip;]<\/p>\n","protected":false},"author":246,"featured_media":186657,"comment_status":"closed","ping_status":"closed","sticky":false,"template":"","format":"standard","meta":{"footnotes":""},"categories":[253],"tags":[],"class_list":["post-186791","post","type-post","status-publish","format-standard","has-post-thumbnail","hentry","category-cidade"],"_links":{"self":[{"href":"https:\/\/diarioregionaldigital.com.br\/index.php?rest_route=\/wp\/v2\/posts\/186791","targetHints":{"allow":["GET"]}}],"collection":[{"href":"https:\/\/diarioregionaldigital.com.br\/index.php?rest_route=\/wp\/v2\/posts"}],"about":[{"href":"https:\/\/diarioregionaldigital.com.br\/index.php?rest_route=\/wp\/v2\/types\/post"}],"author":[{"embeddable":true,"href":"https:\/\/diarioregionaldigital.com.br\/index.php?rest_route=\/wp\/v2\/users\/246"}],"replies":[{"embeddable":true,"href":"https:\/\/diarioregionaldigital.com.br\/index.php?rest_route=%2Fwp%2Fv2%2Fcomments&post=186791"}],"version-history":[{"count":1,"href":"https:\/\/diarioregionaldigital.com.br\/index.php?rest_route=\/wp\/v2\/posts\/186791\/revisions"}],"predecessor-version":[{"id":186792,"href":"https:\/\/diarioregionaldigital.com.br\/index.php?rest_route=\/wp\/v2\/posts\/186791\/revisions\/186792"}],"wp:featuredmedia":[{"embeddable":true,"href":"https:\/\/diarioregionaldigital.com.br\/index.php?rest_route=\/wp\/v2\/media\/186657"}],"wp:attachment":[{"href":"https:\/\/diarioregionaldigital.com.br\/index.php?rest_route=%2Fwp%2Fv2%2Fmedia&parent=186791"}],"wp:term":[{"taxonomy":"category","embeddable":true,"href":"https:\/\/diarioregionaldigital.com.br\/index.php?rest_route=%2Fwp%2Fv2%2Fcategories&post=186791"},{"taxonomy":"post_tag","embeddable":true,"href":"https:\/\/diarioregionaldigital.com.br\/index.php?rest_route=%2Fwp%2Fv2%2Ftags&post=186791"}],"curies":[{"name":"wp","href":"https:\/\/api.w.org\/{rel}","templated":true}]}}