{"id":186788,"date":"2021-08-12T12:26:25","date_gmt":"2021-08-12T15:26:25","guid":{"rendered":"https:\/\/diarioregionaldigital.com.br\/?p=186788"},"modified":"2021-08-12T12:26:25","modified_gmt":"2021-08-12T15:26:25","slug":"policia-militar-prende-autora-por-trafico-de-drogas-no-santa-candida","status":"publish","type":"post","link":"https:\/\/diarioregionaldigital.com.br\/?p=186788","title":{"rendered":"Pol\u00edcia Militar prende autora por tr\u00e1fico de drogas no Santa C\u00e2ndida"},"content":{"rendered":"<p>Na noite de quarta-feira, 11ago21 por volta das 23h00min, durante desencadeamento de Opera\u00e7\u00e3o Batida Policial no bairro Santa C\u00e2ndida, a Pol\u00edcia Militar recebeu informa\u00e7\u00f5es referente a uma mulher que estaria guardando drogas il\u00edcitas em sua resid\u00eancia na Rua Altivo Cintra. Realizadas as dilig\u00eancias at\u00e9 o local, o fato foi confirmado, durante as buscas foram apreendidos todo material que segue descrito: 02 buchas de maconha, 10 tabletes de maconha, 03 inv\u00f3lucros de coca\u00edna, 02 sacos contendo \u00e1cido b\u00f3rico, diversos pinos vazios, 01 frasco de acetona, 01 tubo de lidogel, 02 balan\u00e7as de precis\u00e3o, 08 pedras de crack, 01 comprimido de extase, 21 trituradores de maconha, 20 inv\u00f3lucros contendo papel de seda, 03 rolos de pl\u00e1stico film, saco contendo diversos sacol\u00e9s vazios e R$ 288,30 em dinheiro. A mulher de 18 anos foi presa e conduzida \u00e0 Delegacia com todo material apreendido.<\/p>\n","protected":false},"excerpt":{"rendered":"<p>Na noite de quarta-feira, 11ago21 por volta das 23h00min, durante desencadeamento de Opera\u00e7\u00e3o Batida Policial no bairro Santa C\u00e2ndida, a Pol\u00edcia Militar recebeu informa\u00e7\u00f5es referente a uma mulher que estaria guardando drogas il\u00edcitas em sua resid\u00eancia na Rua Altivo Cintra. Realizadas as dilig\u00eancias at\u00e9 o local, o fato foi confirmado, durante as buscas foram apreendidos [&hellip;]<\/p>\n","protected":false},"author":246,"featured_media":186789,"comment_status":"closed","ping_status":"closed","sticky":false,"template":"","format":"standard","meta":{"footnotes":""},"categories":[301,1229],"tags":[],"class_list":["post-186788","post","type-post","status-publish","format-standard","has-post-thumbnail","hentry","category-artigos-policiais","category-policial"],"_links":{"self":[{"href":"https:\/\/diarioregionaldigital.com.br\/index.php?rest_route=\/wp\/v2\/posts\/186788","targetHints":{"allow":["GET"]}}],"collection":[{"href":"https:\/\/diarioregionaldigital.com.br\/index.php?rest_route=\/wp\/v2\/posts"}],"about":[{"href":"https:\/\/diarioregionaldigital.com.br\/index.php?rest_route=\/wp\/v2\/types\/post"}],"author":[{"embeddable":true,"href":"https:\/\/diarioregionaldigital.com.br\/index.php?rest_route=\/wp\/v2\/users\/246"}],"replies":[{"embeddable":true,"href":"https:\/\/diarioregionaldigital.com.br\/index.php?rest_route=%2Fwp%2Fv2%2Fcomments&post=186788"}],"version-history":[{"count":1,"href":"https:\/\/diarioregionaldigital.com.br\/index.php?rest_route=\/wp\/v2\/posts\/186788\/revisions"}],"predecessor-version":[{"id":186790,"href":"https:\/\/diarioregionaldigital.com.br\/index.php?rest_route=\/wp\/v2\/posts\/186788\/revisions\/186790"}],"wp:featuredmedia":[{"embeddable":true,"href":"https:\/\/diarioregionaldigital.com.br\/index.php?rest_route=\/wp\/v2\/media\/186789"}],"wp:attachment":[{"href":"https:\/\/diarioregionaldigital.com.br\/index.php?rest_route=%2Fwp%2Fv2%2Fmedia&parent=186788"}],"wp:term":[{"taxonomy":"category","embeddable":true,"href":"https:\/\/diarioregionaldigital.com.br\/index.php?rest_route=%2Fwp%2Fv2%2Fcategories&post=186788"},{"taxonomy":"post_tag","embeddable":true,"href":"https:\/\/diarioregionaldigital.com.br\/index.php?rest_route=%2Fwp%2Fv2%2Ftags&post=186788"}],"curies":[{"name":"wp","href":"https:\/\/api.w.org\/{rel}","templated":true}]}}