{"id":186785,"date":"2021-08-12T11:57:29","date_gmt":"2021-08-12T14:57:29","guid":{"rendered":"https:\/\/diarioregionaldigital.com.br\/?p=186785"},"modified":"2021-08-12T11:57:29","modified_gmt":"2021-08-12T14:57:29","slug":"estado-registra-112-novos-obitos-por-covid-19-nas-ultimas-24-horas","status":"publish","type":"post","link":"https:\/\/diarioregionaldigital.com.br\/?p=186785","title":{"rendered":"Estado registra 112 novos \u00f3bitos por Covid-19 nas \u00faltimas 24 horas"},"content":{"rendered":"<p>A Secretaria de Estado da Sa\u00fade de Minas Gerais (SES-MG), publicou nesta quinta-feira (12), o novo boletim referente ao Coronav\u00edrus. O levantamento aponta que o estado notificou mais 4.525 novos casos da doen\u00e7a, totalizando 2.012.190 pessoas infectadas. Os dados indicam que foram registradas mais\u00a0 112 mortes, contabilizando 51.614 \u00f3bitos.<\/p>\n<p>Al\u00e9m disso, 1.911.541 pacientes est\u00e3o recuperados da doen\u00e7a, representando 93% dos casos. Quanto aos dados de hospitaliza\u00e7\u00e3o, 178.308 estiveram internados e 1.833.882 j\u00e1 fizeram isolamento domiciliar. At\u00e9 o momento, 11.009.891 pessoas receberam a primeira dose da vacina e 4.325.027 a segunda e 463.207 pessoas receberam a dose \u00fanica.<\/p>\n","protected":false},"excerpt":{"rendered":"<p>A Secretaria de Estado da Sa\u00fade de Minas Gerais (SES-MG), publicou nesta quinta-feira (12), o novo boletim referente ao Coronav\u00edrus. O levantamento aponta que o estado notificou mais 4.525 novos casos da doen\u00e7a, totalizando 2.012.190 pessoas infectadas. Os dados indicam que foram registradas mais\u00a0 112 mortes, contabilizando 51.614 \u00f3bitos. Al\u00e9m disso, 1.911.541 pacientes est\u00e3o recuperados [&hellip;]<\/p>\n","protected":false},"author":246,"featured_media":186786,"comment_status":"closed","ping_status":"closed","sticky":false,"template":"","format":"standard","meta":{"footnotes":""},"categories":[252,439],"tags":[],"class_list":["post-186785","post","type-post","status-publish","format-standard","has-post-thumbnail","hentry","category-regiao","category-ultima-hora"],"_links":{"self":[{"href":"https:\/\/diarioregionaldigital.com.br\/index.php?rest_route=\/wp\/v2\/posts\/186785","targetHints":{"allow":["GET"]}}],"collection":[{"href":"https:\/\/diarioregionaldigital.com.br\/index.php?rest_route=\/wp\/v2\/posts"}],"about":[{"href":"https:\/\/diarioregionaldigital.com.br\/index.php?rest_route=\/wp\/v2\/types\/post"}],"author":[{"embeddable":true,"href":"https:\/\/diarioregionaldigital.com.br\/index.php?rest_route=\/wp\/v2\/users\/246"}],"replies":[{"embeddable":true,"href":"https:\/\/diarioregionaldigital.com.br\/index.php?rest_route=%2Fwp%2Fv2%2Fcomments&post=186785"}],"version-history":[{"count":1,"href":"https:\/\/diarioregionaldigital.com.br\/index.php?rest_route=\/wp\/v2\/posts\/186785\/revisions"}],"predecessor-version":[{"id":186787,"href":"https:\/\/diarioregionaldigital.com.br\/index.php?rest_route=\/wp\/v2\/posts\/186785\/revisions\/186787"}],"wp:featuredmedia":[{"embeddable":true,"href":"https:\/\/diarioregionaldigital.com.br\/index.php?rest_route=\/wp\/v2\/media\/186786"}],"wp:attachment":[{"href":"https:\/\/diarioregionaldigital.com.br\/index.php?rest_route=%2Fwp%2Fv2%2Fmedia&parent=186785"}],"wp:term":[{"taxonomy":"category","embeddable":true,"href":"https:\/\/diarioregionaldigital.com.br\/index.php?rest_route=%2Fwp%2Fv2%2Fcategories&post=186785"},{"taxonomy":"post_tag","embeddable":true,"href":"https:\/\/diarioregionaldigital.com.br\/index.php?rest_route=%2Fwp%2Fv2%2Ftags&post=186785"}],"curies":[{"name":"wp","href":"https:\/\/api.w.org\/{rel}","templated":true}]}}