{"id":186778,"date":"2021-08-11T16:56:17","date_gmt":"2021-08-11T19:56:17","guid":{"rendered":"https:\/\/diarioregionaldigital.com.br\/?p=186778"},"modified":"2021-08-11T16:56:17","modified_gmt":"2021-08-11T19:56:17","slug":"escolas-municipais-recebem-equipes-da-empav-para-servicos-de-zeladoria","status":"publish","type":"post","link":"https:\/\/diarioregionaldigital.com.br\/?p=186778","title":{"rendered":"Escolas Municipais recebem equipes da Empav para servi\u00e7os de zeladoria"},"content":{"rendered":"<p>Em continuidade ao cronograma de atua\u00e7\u00e3o da semana, equipes da Empresa Municipal de Pavimenta\u00e7\u00e3o e Urbaniza\u00e7\u00e3o (Empav), prosseguiram com servi\u00e7os de zeladoria, como poda de grama, limpeza geral e recolhimento de res\u00edduos em Escolas Municipais da cidade. Segundo informa\u00e7\u00f5es do site da Prefeitura de Juiz de Fora, nesta quarta-feira, 11, foram atendidas as seguintes escolas: Escola Municipal do Centen\u00e1rio; Escola Municipal Helena de Almeida Fernandes, no Graja\u00fa. Al\u00e9m do choque de zeladoria nas escolas, equipes tamb\u00e9m realizaram servi\u00e7os na pra\u00e7a do bairro Santos Dumont e nos canteiros centrais do bairro Po\u00e7o Rico.<\/p>\n<p>Al\u00e9m disso, a\u00e7\u00f5es de poda e levantamento de copa de \u00e1rvores foram feitas na Escola Municipal Elp\u00eddio Corr\u00eaa Farias, no Borboleta; na Avenida Brasil, no trecho do bairro Po\u00e7o Rico; e na Estrada Joaquim Vicente Guedes, n\u00famero 1.700, no Graminha. Esses servi\u00e7os d\u00e3o continuidade \u00e0 Opera\u00e7\u00e3o Boniteza da Prefeitura de Juiz de Fora.<\/p>\n<p>Para solicitar estes e outros servi\u00e7os, entre em contato com o Gabinete de A\u00e7\u00e3o e Di\u00e1logo Comunit\u00e1rio, que recebe e organiza pedidos relativos a interven\u00e7\u00f5es e melhorias urbanas. O contato pode ser feito atrav\u00e9s de liga\u00e7\u00e3o telef\u00f4nica pelo n\u00famero (32) 3690-7241 ou via WhatsApp, utilizando o mesmo n\u00famero.<\/p>\n","protected":false},"excerpt":{"rendered":"<p>Em continuidade ao cronograma de atua\u00e7\u00e3o da semana, equipes da Empresa Municipal de Pavimenta\u00e7\u00e3o e Urbaniza\u00e7\u00e3o (Empav), prosseguiram com servi\u00e7os de zeladoria, como poda de grama, limpeza geral e recolhimento de res\u00edduos em Escolas Municipais da cidade. Segundo informa\u00e7\u00f5es do site da Prefeitura de Juiz de Fora, nesta quarta-feira, 11, foram atendidas as seguintes escolas: [&hellip;]<\/p>\n","protected":false},"author":246,"featured_media":186779,"comment_status":"closed","ping_status":"closed","sticky":false,"template":"","format":"standard","meta":{"footnotes":""},"categories":[253,436,439],"tags":[],"class_list":["post-186778","post","type-post","status-publish","format-standard","has-post-thumbnail","hentry","category-cidade","category-destaque-da-semana","category-ultima-hora"],"_links":{"self":[{"href":"https:\/\/diarioregionaldigital.com.br\/index.php?rest_route=\/wp\/v2\/posts\/186778","targetHints":{"allow":["GET"]}}],"collection":[{"href":"https:\/\/diarioregionaldigital.com.br\/index.php?rest_route=\/wp\/v2\/posts"}],"about":[{"href":"https:\/\/diarioregionaldigital.com.br\/index.php?rest_route=\/wp\/v2\/types\/post"}],"author":[{"embeddable":true,"href":"https:\/\/diarioregionaldigital.com.br\/index.php?rest_route=\/wp\/v2\/users\/246"}],"replies":[{"embeddable":true,"href":"https:\/\/diarioregionaldigital.com.br\/index.php?rest_route=%2Fwp%2Fv2%2Fcomments&post=186778"}],"version-history":[{"count":1,"href":"https:\/\/diarioregionaldigital.com.br\/index.php?rest_route=\/wp\/v2\/posts\/186778\/revisions"}],"predecessor-version":[{"id":186780,"href":"https:\/\/diarioregionaldigital.com.br\/index.php?rest_route=\/wp\/v2\/posts\/186778\/revisions\/186780"}],"wp:featuredmedia":[{"embeddable":true,"href":"https:\/\/diarioregionaldigital.com.br\/index.php?rest_route=\/wp\/v2\/media\/186779"}],"wp:attachment":[{"href":"https:\/\/diarioregionaldigital.com.br\/index.php?rest_route=%2Fwp%2Fv2%2Fmedia&parent=186778"}],"wp:term":[{"taxonomy":"category","embeddable":true,"href":"https:\/\/diarioregionaldigital.com.br\/index.php?rest_route=%2Fwp%2Fv2%2Fcategories&post=186778"},{"taxonomy":"post_tag","embeddable":true,"href":"https:\/\/diarioregionaldigital.com.br\/index.php?rest_route=%2Fwp%2Fv2%2Ftags&post=186778"}],"curies":[{"name":"wp","href":"https:\/\/api.w.org\/{rel}","templated":true}]}}