{"id":186774,"date":"2021-08-11T16:54:10","date_gmt":"2021-08-11T19:54:10","guid":{"rendered":"https:\/\/diarioregionaldigital.com.br\/?p=186774"},"modified":"2021-08-11T16:54:10","modified_gmt":"2021-08-11T19:54:10","slug":"escola-de-governo-muda-de-endereco","status":"publish","type":"post","link":"https:\/\/diarioregionaldigital.com.br\/?p=186774","title":{"rendered":"Escola de Governo muda de endere\u00e7o"},"content":{"rendered":"<p>Segundo informa\u00e7\u00f5es do site da Prefeitura de Juiz de Fora, a Escola de Governo Municipal da Secretaria de Recursos Humanos (SRH) da Prefeitura de Juiz de Fora (PJF) est\u00e1 funcionando em novo endere\u00e7o. O departamento passa a atender os servidores municipais no pr\u00e9dio-sede da PJF, na Avenida Brasil, 2.001, 10\u00ba andar. Os telefones de contato permanecem os mesmos: 3690-7228 e 3690-7229. O e-mail \u00e9 o escoladegovernopjf@gmail.com .<\/p>\n","protected":false},"excerpt":{"rendered":"<p>Segundo informa\u00e7\u00f5es do site da Prefeitura de Juiz de Fora, a Escola de Governo Municipal da Secretaria de Recursos Humanos (SRH) da Prefeitura de Juiz de Fora (PJF) est\u00e1 funcionando em novo endere\u00e7o. O departamento passa a atender os servidores municipais no pr\u00e9dio-sede da PJF, na Avenida Brasil, 2.001, 10\u00ba andar. Os telefones de contato [&hellip;]<\/p>\n","protected":false},"author":246,"featured_media":186775,"comment_status":"closed","ping_status":"closed","sticky":false,"template":"","format":"standard","meta":{"footnotes":""},"categories":[253,436,439],"tags":[],"class_list":["post-186774","post","type-post","status-publish","format-standard","has-post-thumbnail","hentry","category-cidade","category-destaque-da-semana","category-ultima-hora"],"_links":{"self":[{"href":"https:\/\/diarioregionaldigital.com.br\/index.php?rest_route=\/wp\/v2\/posts\/186774","targetHints":{"allow":["GET"]}}],"collection":[{"href":"https:\/\/diarioregionaldigital.com.br\/index.php?rest_route=\/wp\/v2\/posts"}],"about":[{"href":"https:\/\/diarioregionaldigital.com.br\/index.php?rest_route=\/wp\/v2\/types\/post"}],"author":[{"embeddable":true,"href":"https:\/\/diarioregionaldigital.com.br\/index.php?rest_route=\/wp\/v2\/users\/246"}],"replies":[{"embeddable":true,"href":"https:\/\/diarioregionaldigital.com.br\/index.php?rest_route=%2Fwp%2Fv2%2Fcomments&post=186774"}],"version-history":[{"count":2,"href":"https:\/\/diarioregionaldigital.com.br\/index.php?rest_route=\/wp\/v2\/posts\/186774\/revisions"}],"predecessor-version":[{"id":186777,"href":"https:\/\/diarioregionaldigital.com.br\/index.php?rest_route=\/wp\/v2\/posts\/186774\/revisions\/186777"}],"wp:featuredmedia":[{"embeddable":true,"href":"https:\/\/diarioregionaldigital.com.br\/index.php?rest_route=\/wp\/v2\/media\/186775"}],"wp:attachment":[{"href":"https:\/\/diarioregionaldigital.com.br\/index.php?rest_route=%2Fwp%2Fv2%2Fmedia&parent=186774"}],"wp:term":[{"taxonomy":"category","embeddable":true,"href":"https:\/\/diarioregionaldigital.com.br\/index.php?rest_route=%2Fwp%2Fv2%2Fcategories&post=186774"},{"taxonomy":"post_tag","embeddable":true,"href":"https:\/\/diarioregionaldigital.com.br\/index.php?rest_route=%2Fwp%2Fv2%2Ftags&post=186774"}],"curies":[{"name":"wp","href":"https:\/\/api.w.org\/{rel}","templated":true}]}}