{"id":186771,"date":"2021-08-11T16:52:35","date_gmt":"2021-08-11T19:52:35","guid":{"rendered":"https:\/\/diarioregionaldigital.com.br\/?p=186771"},"modified":"2021-08-11T16:52:35","modified_gmt":"2021-08-11T19:52:35","slug":"prefeita-empossa-membros-do-conselho-municipal-da-juventude","status":"publish","type":"post","link":"https:\/\/diarioregionaldigital.com.br\/?p=186771","title":{"rendered":"Prefeita empossa membros do Conselho Municipal da Juventude"},"content":{"rendered":"<p>Abrindo oficialmente o evento &#8220;Mais Juventudes, Mais Democracia&#8221;, a Prefeita Margarida Salom\u00e3o deu posse, nesta quarta-feira, 11, aos conselheiros governamentais e da sociedade civil, eleitos para o Conselho Municipal da Juventude (CMJ), bi\u00eanio (2021-2023). A cerim\u00f4nia foi realizada de forma presencial para convidados, \u00e0s 11h, no Audit\u00f3rio Cirene Candanda, e transmitida ao vivo pelo\u00a0<a href=\"https:\/\/instagram.com\/prefeiturajuizdefora?utm_medium=copy_link\">Instagram da PJF<\/a>.<\/p>\n<p>Segundo informa\u00e7\u00f5es do site da Prefeitura de Juiz de Fora, ao assinar o termo de posse da nova composi\u00e7\u00e3o do CMJ, a chefe do executivo municipal destacou a import\u00e2ncia da participa\u00e7\u00e3o da juventude em diferentes setores da sociedade. \u201c\u00c9 muito importante que as pol\u00edticas p\u00fablicas sejam concebidas pela juventude. Melhor ainda, se esse conselho for caixa de refer\u00eancia de muitas outras plen\u00e1rias feitas fora daqui. Que aqui ressoe o que pensam as jovens e os jovens de Benfica, da Vila Olavo Costa, do Retiro, e do restante da cidade, na defesa dos direitos humanos. Tenho muita esperan\u00e7a de que n\u00f3s estejamos nos preparando para trabalhar propostas importantes como a do Plano Municipal da Juventude e espero que voc\u00eas contribuam na realiza\u00e7\u00e3o. Nossa agenda visa \u00e0 garantia dos direitos dos jovens \u00e0 mobilidade, sa\u00fade, educa\u00e7\u00e3o, entre outros setores. Quando a gente est\u00e1 fora do governo, a gente resiste. Quando a gente est\u00e1 no governo, a gente transforma. E esse \u00e9 o nosso compromisso.\u201d<\/p>\n<p>O titular da pasta Especial de Direitos Humanos, Biel Rocha, ressaltou o compromisso da atual gest\u00e3o com a constru\u00e7\u00e3o de pol\u00edticas p\u00fablicas de forma participativa e enfatizou a relev\u00e2ncia do CMJ na concretiza\u00e7\u00e3o desta inicitiva. \u201c Em v\u00e1rios momentos, n\u00e3o s\u00f3 no processo eleitoral, mas no dia a dia da nossa luta, foi falado sobre a necessidade de constru\u00e7\u00e3o de pol\u00edticas p\u00fablicas com a participa\u00e7\u00e3o efetiva e consistente das pessoas. E a prefeita afirmava muito sobre isso no processo eleitoral e, ao assumir o governo e reunir o seu secretariado, reafirmou que na constru\u00e7\u00e3o de qualquer a\u00e7\u00e3o, programa, pol\u00edtica p\u00fablica, temos que chamar as pessoas para conversar, debater, ouvir seus questionamentos e cr\u00edticas. E o Conselho \u00e9 um instrumento para isso e para o enfrentamento dos retrocessos que estamos presenciando.\u201d<\/p>\n<p>A coordenadora de Pol\u00edticas para a Juventude da SEDH, Luiza Gon\u00e7alves Lovisi Travassos, comentou sobre as atividades que integram a proposta do m\u00eas da juventude. \u201cHoje \u00e9 um dia muito importante para n\u00f3s, por ser a abertura da programa\u00e7\u00e3o do m\u00eas da juventude, repleto de atividades que nos proporcionar\u00e1 um contato direto com os jovens, ouvindo-os e conversando com eles sobre o Plano Municipal de Pol\u00edticas para a Juventude.\u201d<\/p>\n<p>A solenidade contou com a participa\u00e7\u00e3o de representantes das secretarias da PJF e da administra\u00e7\u00e3o indireta, da sociedade civil, de convidados, e com a presen\u00e7a dos membros eleitos para o CMJ. Os nomes dos membros eleitos e nomeados para compor o CMJ\/JF podem ser conferidos na\u00a0<a href=\"https:\/\/www.pjf.mg.gov.br\/e_atos\/e_atos_vis.php?id=84581\"><b>Portaria n.\u00ba 11.638<\/b><\/a>, publicada no Di\u00e1rio Oficial Eletr\u00f4nico do Munic\u00edpio (Atos do Governo), no dia 28 de maio de 2021.<\/p>\n<p><b>&#8220;Mais Juventudes, Mais Democracia&#8221;<\/b><\/p>\n<p>O evento\u00a0<a href=\"https:\/\/www.pjf.mg.gov.br\/noticias\/view.php?modo=link2&amp;idnoticia2=71952\"><b>&#8220;Mais Juventudes, Mais Democracia&#8221;<\/b><\/a>\u00a0\u00e9 promovido pela coordena\u00e7\u00e3o de Pol\u00edticas para a Juventude da Secretaria Especial de Direitos Humanos (SEDH) da Prefeitura de Juiz de Fora (PJF) em parceria com as demais secretarias e \u00f3rg\u00e3os da administra\u00e7\u00e3o indireta. A iniciativa tem como objetivo marcar o Dia Internacional da Juventude, comemorado nesta quinta-feira, 12, celebrar o papel dos jovens para gerar mudan\u00e7as e debater os desafios enfrentados pela juventude mundial. A programa\u00e7\u00e3o envolve exposi\u00e7\u00e3o fotogr\u00e1fica; ciclos de rodas de conversas; live tem\u00e1tica; materiais audiovisuais sobre a juventude, entre outras atividades que ser\u00e3o divulgadas no decorrer do m\u00eas.<\/p>\n","protected":false},"excerpt":{"rendered":"<p>Abrindo oficialmente o evento &#8220;Mais Juventudes, Mais Democracia&#8221;, a Prefeita Margarida Salom\u00e3o deu posse, nesta quarta-feira, 11, aos conselheiros governamentais e da sociedade civil, eleitos para o Conselho Municipal da Juventude (CMJ), bi\u00eanio (2021-2023). A cerim\u00f4nia foi realizada de forma presencial para convidados, \u00e0s 11h, no Audit\u00f3rio Cirene Candanda, e transmitida ao vivo pelo\u00a0Instagram da [&hellip;]<\/p>\n","protected":false},"author":246,"featured_media":186772,"comment_status":"closed","ping_status":"closed","sticky":false,"template":"","format":"standard","meta":{"footnotes":""},"categories":[253,436,439],"tags":[],"class_list":["post-186771","post","type-post","status-publish","format-standard","has-post-thumbnail","hentry","category-cidade","category-destaque-da-semana","category-ultima-hora"],"_links":{"self":[{"href":"https:\/\/diarioregionaldigital.com.br\/index.php?rest_route=\/wp\/v2\/posts\/186771","targetHints":{"allow":["GET"]}}],"collection":[{"href":"https:\/\/diarioregionaldigital.com.br\/index.php?rest_route=\/wp\/v2\/posts"}],"about":[{"href":"https:\/\/diarioregionaldigital.com.br\/index.php?rest_route=\/wp\/v2\/types\/post"}],"author":[{"embeddable":true,"href":"https:\/\/diarioregionaldigital.com.br\/index.php?rest_route=\/wp\/v2\/users\/246"}],"replies":[{"embeddable":true,"href":"https:\/\/diarioregionaldigital.com.br\/index.php?rest_route=%2Fwp%2Fv2%2Fcomments&post=186771"}],"version-history":[{"count":1,"href":"https:\/\/diarioregionaldigital.com.br\/index.php?rest_route=\/wp\/v2\/posts\/186771\/revisions"}],"predecessor-version":[{"id":186773,"href":"https:\/\/diarioregionaldigital.com.br\/index.php?rest_route=\/wp\/v2\/posts\/186771\/revisions\/186773"}],"wp:featuredmedia":[{"embeddable":true,"href":"https:\/\/diarioregionaldigital.com.br\/index.php?rest_route=\/wp\/v2\/media\/186772"}],"wp:attachment":[{"href":"https:\/\/diarioregionaldigital.com.br\/index.php?rest_route=%2Fwp%2Fv2%2Fmedia&parent=186771"}],"wp:term":[{"taxonomy":"category","embeddable":true,"href":"https:\/\/diarioregionaldigital.com.br\/index.php?rest_route=%2Fwp%2Fv2%2Fcategories&post=186771"},{"taxonomy":"post_tag","embeddable":true,"href":"https:\/\/diarioregionaldigital.com.br\/index.php?rest_route=%2Fwp%2Fv2%2Ftags&post=186771"}],"curies":[{"name":"wp","href":"https:\/\/api.w.org\/{rel}","templated":true}]}}