{"id":186768,"date":"2021-08-11T16:48:41","date_gmt":"2021-08-11T19:48:41","guid":{"rendered":"https:\/\/diarioregionaldigital.com.br\/?p=186768"},"modified":"2021-08-11T16:53:04","modified_gmt":"2021-08-11T19:53:04","slug":"aplicacao-de-2a-dose-de-astrazeneca-e-retomada-com-a-chegada-de-nova-remessa-de-vacinas","status":"publish","type":"post","link":"https:\/\/diarioregionaldigital.com.br\/?p=186768","title":{"rendered":"Aplica\u00e7\u00e3o de 2\u00aa dose de AstraZeneca \u00e9 retomada com a chegada de nova remessa de vacinas"},"content":{"rendered":"<p>A Secretaria de Sa\u00fade (SS) da Prefeitura de Juiz de Fora (PJF) retoma, na tarde desta quarta-feira, 11, a aplica\u00e7\u00e3o de segundas doses de AstraZeneca e podem complementar a imuniza\u00e7\u00e3o todos aqueles que t\u00eam a data do dia de hoje, 11 de agosto, ou data anterior como a de retorno descrita no cart\u00e3o de vacina. Nesta tarde, a vacina\u00e7\u00e3o acontece para este p\u00fablico no Sesc Juiz de Fora, no Sport Club JF e em sete UBSs refer\u00eancia, das 13h \u00e0s 16h.<\/p>\n<p>Segundo informa\u00e7\u00f5es do site da Prefeitura de Juiz de Fora, a aplica\u00e7\u00e3o de segundas doses de AstraZeneca foi interrompida durante a ter\u00e7a-feira, 10, devido \u00e0 falta de entregas do imunizante por parte do Minist\u00e9rio da Sa\u00fade (MS) nas remessas anteriores, quando Juiz de Fora havia recebido menos de 700 vacinas em dois envios, n\u00famero inferior, tendo em vista a quantidade de pessoas que diariamente s\u00e3o vacinadas na cidade. Na manh\u00e3 desta quarta-feira, 11, o munic\u00edpio recebeu 8.045 novas doses de AstraZeneca e, com isso, o Sesc Juiz de Fora, o Sport Club JF e as UBSs do bairro de Lourdes, Benfica, Nossa Senhora Aparecida, Nossa Senhora das Gra\u00e7as, Santa Luzia, S\u00e3o Pedro e Vila Ideal, realizam a aplica\u00e7\u00e3o de segundas doses, das 13h \u00e0s 16h.<\/p>\n<p>O calend\u00e1rio divulgado para a semana, tanto de primeiras quanto o de segundas doses, segue normalmente at\u00e9 o s\u00e1bado, dia 14. Nesta quarta-feira, 11, est\u00e3o sendo vacinadas com a dose inicial as pessoas de 24 anos nascidas entre janeiro e junho e tamb\u00e9m pessoas com idade superior. Na quinta, 12, \u00e9 a vez das pessoas de 24 anos nascidas entre julho e dezembro. Al\u00e9m disso, quem tem 25 anos ou mais e perdeu seu dia original de vacina\u00e7\u00e3o pode receber a dose em qualquer um dos nove locais de imuniza\u00e7\u00e3o dispon\u00edveis.<\/p>\n<p>Gr\u00e1vidas, pu\u00e9rperas e lactantes (em at\u00e9 seis meses de p\u00f3s-parto) que tenham 18 anos ou mais seguem sendo vacinadas normalmente. Al\u00e9m da volta da AstraZeneca, tamb\u00e9m \u00e9 dada sequ\u00eancia \u00e0 aplica\u00e7\u00e3o de segundas doses de Coronavac. Todos os detalhes do calend\u00e1rio da semana, com os p\u00fablicos-alvo, hor\u00e1rios, documenta\u00e7\u00e3o necess\u00e1ria e endere\u00e7os dos locais de vacina\u00e7\u00e3o, podem ser vistos\u00a0<a href=\"https:\/\/www.pjf.mg.gov.br\/noticias\/view.php?modo=link2&amp;idnoticia2=71918\"><b>no site da PJF.<\/b><\/a><\/p>\n","protected":false},"excerpt":{"rendered":"<p>A Secretaria de Sa\u00fade (SS) da Prefeitura de Juiz de Fora (PJF) retoma, na tarde desta quarta-feira, 11, a aplica\u00e7\u00e3o de segundas doses de AstraZeneca e podem complementar a imuniza\u00e7\u00e3o todos aqueles que t\u00eam a data do dia de hoje, 11 de agosto, ou data anterior como a de retorno descrita no cart\u00e3o de vacina. [&hellip;]<\/p>\n","protected":false},"author":246,"featured_media":186769,"comment_status":"closed","ping_status":"closed","sticky":false,"template":"","format":"standard","meta":{"footnotes":""},"categories":[253,436,440,439],"tags":[],"class_list":["post-186768","post","type-post","status-publish","format-standard","has-post-thumbnail","hentry","category-cidade","category-destaque-da-semana","category-destaques-do-dia","category-ultima-hora"],"_links":{"self":[{"href":"https:\/\/diarioregionaldigital.com.br\/index.php?rest_route=\/wp\/v2\/posts\/186768","targetHints":{"allow":["GET"]}}],"collection":[{"href":"https:\/\/diarioregionaldigital.com.br\/index.php?rest_route=\/wp\/v2\/posts"}],"about":[{"href":"https:\/\/diarioregionaldigital.com.br\/index.php?rest_route=\/wp\/v2\/types\/post"}],"author":[{"embeddable":true,"href":"https:\/\/diarioregionaldigital.com.br\/index.php?rest_route=\/wp\/v2\/users\/246"}],"replies":[{"embeddable":true,"href":"https:\/\/diarioregionaldigital.com.br\/index.php?rest_route=%2Fwp%2Fv2%2Fcomments&post=186768"}],"version-history":[{"count":1,"href":"https:\/\/diarioregionaldigital.com.br\/index.php?rest_route=\/wp\/v2\/posts\/186768\/revisions"}],"predecessor-version":[{"id":186770,"href":"https:\/\/diarioregionaldigital.com.br\/index.php?rest_route=\/wp\/v2\/posts\/186768\/revisions\/186770"}],"wp:featuredmedia":[{"embeddable":true,"href":"https:\/\/diarioregionaldigital.com.br\/index.php?rest_route=\/wp\/v2\/media\/186769"}],"wp:attachment":[{"href":"https:\/\/diarioregionaldigital.com.br\/index.php?rest_route=%2Fwp%2Fv2%2Fmedia&parent=186768"}],"wp:term":[{"taxonomy":"category","embeddable":true,"href":"https:\/\/diarioregionaldigital.com.br\/index.php?rest_route=%2Fwp%2Fv2%2Fcategories&post=186768"},{"taxonomy":"post_tag","embeddable":true,"href":"https:\/\/diarioregionaldigital.com.br\/index.php?rest_route=%2Fwp%2Fv2%2Ftags&post=186768"}],"curies":[{"name":"wp","href":"https:\/\/api.w.org\/{rel}","templated":true}]}}