{"id":186764,"date":"2021-08-11T16:42:36","date_gmt":"2021-08-11T19:42:36","guid":{"rendered":"https:\/\/diarioregionaldigital.com.br\/?p=186764"},"modified":"2021-08-11T16:42:36","modified_gmt":"2021-08-11T19:42:36","slug":"brasil-sediara-copa-america-de-basquete-masculino-de-2022","status":"publish","type":"post","link":"https:\/\/diarioregionaldigital.com.br\/?p=186764","title":{"rendered":"Brasil sediar\u00e1 Copa Am\u00e9rica de Basquete masculino de 2022"},"content":{"rendered":"<p>A Federa\u00e7\u00e3o Internacional de Basquete (Fiba) confirmou nesta ter\u00e7a-feira (10) a realiza\u00e7\u00e3o da Americup (Copa Am\u00e9rica de Basquete Masculino) no Brasil em setembro de 2022.<\/p>\n<p>A Copa Am\u00e9rica ser\u00e1 realizada em quatro cidades brasileiras e, neste momento, a organiza\u00e7\u00e3o est\u00e1 na etapa de valida\u00e7\u00e3o e vistoria das candidatas.<\/p>\n<p>&#8220;\u00c9 uma honra e um privil\u00e9gio voltar ao Brasil para a AmeriCup 2022. Fiba e CBB [Confedera\u00e7\u00e3o Brasileira de Basquete] trabalharam juntos por um longo per\u00edodo e agora temos um projeto estruturado e inspirador para levar o evento ao Brasil em setembro do ano que vem&#8221;, disse Carlos Alves, diretor-executivo da Fiba Am\u00e9ricas.<\/p>\n<p>O torneio ter\u00e1 a participa\u00e7\u00e3o de Brasil, Argentina, Estados Unidos, Canad\u00e1, M\u00e9xico, Rep\u00fablica Dominicana, Porto Rico, Venezuela, Uruguai, Panam\u00e1, Ilhas Virgens e Col\u00f4mbia. As sele\u00e7\u00f5es se classificaram atrav\u00e9s de eliminat\u00f3rias encerradas em fevereiro deste ano.<\/p>\n<p><span style=\"font-weight: 400;\">Fonte: Ag\u00eancia Brasil <\/span><\/p>\n","protected":false},"excerpt":{"rendered":"<p>A Federa\u00e7\u00e3o Internacional de Basquete (Fiba) confirmou nesta ter\u00e7a-feira (10) a realiza\u00e7\u00e3o da Americup (Copa Am\u00e9rica de Basquete Masculino) no Brasil em setembro de 2022. A Copa Am\u00e9rica ser\u00e1 realizada em quatro cidades brasileiras e, neste momento, a organiza\u00e7\u00e3o est\u00e1 na etapa de valida\u00e7\u00e3o e vistoria das candidatas. &#8220;\u00c9 uma honra e um privil\u00e9gio voltar [&hellip;]<\/p>\n","protected":false},"author":246,"featured_media":186765,"comment_status":"closed","ping_status":"closed","sticky":false,"template":"","format":"standard","meta":{"footnotes":""},"categories":[436,257,439],"tags":[],"class_list":["post-186764","post","type-post","status-publish","format-standard","has-post-thumbnail","hentry","category-destaque-da-semana","category-esporte","category-ultima-hora"],"_links":{"self":[{"href":"https:\/\/diarioregionaldigital.com.br\/index.php?rest_route=\/wp\/v2\/posts\/186764","targetHints":{"allow":["GET"]}}],"collection":[{"href":"https:\/\/diarioregionaldigital.com.br\/index.php?rest_route=\/wp\/v2\/posts"}],"about":[{"href":"https:\/\/diarioregionaldigital.com.br\/index.php?rest_route=\/wp\/v2\/types\/post"}],"author":[{"embeddable":true,"href":"https:\/\/diarioregionaldigital.com.br\/index.php?rest_route=\/wp\/v2\/users\/246"}],"replies":[{"embeddable":true,"href":"https:\/\/diarioregionaldigital.com.br\/index.php?rest_route=%2Fwp%2Fv2%2Fcomments&post=186764"}],"version-history":[{"count":2,"href":"https:\/\/diarioregionaldigital.com.br\/index.php?rest_route=\/wp\/v2\/posts\/186764\/revisions"}],"predecessor-version":[{"id":186767,"href":"https:\/\/diarioregionaldigital.com.br\/index.php?rest_route=\/wp\/v2\/posts\/186764\/revisions\/186767"}],"wp:featuredmedia":[{"embeddable":true,"href":"https:\/\/diarioregionaldigital.com.br\/index.php?rest_route=\/wp\/v2\/media\/186765"}],"wp:attachment":[{"href":"https:\/\/diarioregionaldigital.com.br\/index.php?rest_route=%2Fwp%2Fv2%2Fmedia&parent=186764"}],"wp:term":[{"taxonomy":"category","embeddable":true,"href":"https:\/\/diarioregionaldigital.com.br\/index.php?rest_route=%2Fwp%2Fv2%2Fcategories&post=186764"},{"taxonomy":"post_tag","embeddable":true,"href":"https:\/\/diarioregionaldigital.com.br\/index.php?rest_route=%2Fwp%2Fv2%2Ftags&post=186764"}],"curies":[{"name":"wp","href":"https:\/\/api.w.org\/{rel}","templated":true}]}}