{"id":186761,"date":"2021-08-11T16:40:52","date_gmt":"2021-08-11T19:40:52","guid":{"rendered":"https:\/\/diarioregionaldigital.com.br\/?p=186761"},"modified":"2021-08-11T16:40:52","modified_gmt":"2021-08-11T19:40:52","slug":"messi-diz-que-sonha-em-dar-1o-trofeu-da-liga-dos-campeoes-ao-psg","status":"publish","type":"post","link":"https:\/\/diarioregionaldigital.com.br\/?p=186761","title":{"rendered":"Messi diz que sonha em dar 1\u00ba trof\u00e9u da Liga dos Campe\u00f5es ao PSG"},"content":{"rendered":"<p>Lionel Messi descartou qualquer possibilidade de pegar mais leve nos anos finais de sua carreira ao estabelecer a meta de levar seu novo clube Paris Saint-Germain \u00e0 conquista de seu primeiro t\u00edtulo da Liga dos Campe\u00f5es durante sua apresenta\u00e7\u00e3o na Fran\u00e7a nesta quarta-feira (11).<\/p>\n<p>O atacante argentino de 34 anos havia concordado em ficar no Barcelona depois que seu contrato vencesse no final de junho, mas o time espanhol acabou admitindo que n\u00e3o podia mais banc\u00e1-lo na semana passada.<\/p>\n<p>Ele assinou nesta ter\u00e7a-feira (10) um contrato de dois anos com os parisienses, com a op\u00e7\u00e3o de um terceiro.<\/p>\n<p>O PSG acumula t\u00edtulos dom\u00e9sticos desde a chegada do investimento de seus propriet\u00e1rios multimilion\u00e1rios, Qatar Sports Investment, em 2011, mas nunca conquistou a Liga dos Campe\u00f5es. J\u00e1 Messi venceu a competi\u00e7\u00e3o quatro vezes, a mais recente em 2015.<\/p>\n<p>&#8220;\u00c9 por isso que estou aqui (para conquistar trof\u00e9us). Este \u00e9 um clube ambicioso&#8221;, disse Messi, que usar\u00e1 a camisa 30 &#8211;seu primeiro n\u00famero ao estrear no futebol profissional no Barcelona em 2006&#8211;, em uma coletiva de imprensa.&#8221;D\u00e1 para ver que eles est\u00e3o prontos para lutar por tudo&#8221;, afirmou. &#8220;Meu sonho \u00e9 conquistar outra Liga dos Campe\u00f5es, e acho que este \u00e9 o lugar ideal para estar para fazer isso.&#8221;<\/p>\n<p>O argentino admitiu que n\u00e3o sabe quando poder\u00e1 estrear, dado que n\u00e3o joga desde a conquista da Copa Am\u00e9rica com a sele\u00e7\u00e3o do seu pa\u00eds no m\u00eas passado.<\/p>\n<p>&#8220;Estou voltando da folga. Preciso de um pouco de pr\u00e9-temporada e de ritmo. Espero que a estreia seja logo, mas n\u00e3o posso dar uma data a voc\u00eas. Depende da comiss\u00e3o t\u00e9cnica.&#8221;<\/p>\n<p>Messi se unir\u00e1 a Neymar, ex-colega de Barcelona, em Paris.<\/p>\n<p>O brasileiro trocou a Catalunha pela capital francesa gra\u00e7as a um acordo de 222 milh\u00f5es de euros (o equivalente a R$ 1,3 bilh\u00e3o) em 2017, um recorde mundial, mas nunca escondeu seu desejo de retomar a parceria com seu amigo pr\u00f3ximo no campo.<\/p>\n<p>Agora eles atuar\u00e3o juntos, com Kylian Mbapp\u00e9 como terceiro membro de um ataque poderoso.<\/p>\n<p>&#8220;Poder jogar com gente da categoria de Neymar e Mbapp\u00e9 \u00e9 insano. Eles fizeram muitas contrata\u00e7\u00f5es boas, estou muito feliz e n\u00e3o vejo a hora de come\u00e7ar&#8221;, acrescentou Messi.<\/p>\n<p>Muitos se perguntam como o PSG poderia assinar com Messi respeitando os regulamentos de Fair Play Financeiro (FPF) da Uefa, mas o presidente e CEO do clube, Nasser Al-Khelaifi, que se sentou ao lado de Messi na apresenta\u00e7\u00e3o, insistiu que o acordo est\u00e1 dentro de seu alcance econ\u00f4mico.<\/p>\n<p>Milhares de torcedores empolgados se reuniram diante do est\u00e1dio parisiense Parc des Princes batendo tambores, acenando com bandeiras e gritando o nome de Messi.<\/p>\n<p><span style=\"font-weight: 400;\">Fonte: Ag\u00eancia Brasil <\/span><\/p>\n","protected":false},"excerpt":{"rendered":"<p>Lionel Messi descartou qualquer possibilidade de pegar mais leve nos anos finais de sua carreira ao estabelecer a meta de levar seu novo clube Paris Saint-Germain \u00e0 conquista de seu primeiro t\u00edtulo da Liga dos Campe\u00f5es durante sua apresenta\u00e7\u00e3o na Fran\u00e7a nesta quarta-feira (11). O atacante argentino de 34 anos havia concordado em ficar no [&hellip;]<\/p>\n","protected":false},"author":246,"featured_media":186762,"comment_status":"closed","ping_status":"closed","sticky":false,"template":"","format":"standard","meta":{"footnotes":""},"categories":[436,257,439],"tags":[],"class_list":["post-186761","post","type-post","status-publish","format-standard","has-post-thumbnail","hentry","category-destaque-da-semana","category-esporte","category-ultima-hora"],"_links":{"self":[{"href":"https:\/\/diarioregionaldigital.com.br\/index.php?rest_route=\/wp\/v2\/posts\/186761","targetHints":{"allow":["GET"]}}],"collection":[{"href":"https:\/\/diarioregionaldigital.com.br\/index.php?rest_route=\/wp\/v2\/posts"}],"about":[{"href":"https:\/\/diarioregionaldigital.com.br\/index.php?rest_route=\/wp\/v2\/types\/post"}],"author":[{"embeddable":true,"href":"https:\/\/diarioregionaldigital.com.br\/index.php?rest_route=\/wp\/v2\/users\/246"}],"replies":[{"embeddable":true,"href":"https:\/\/diarioregionaldigital.com.br\/index.php?rest_route=%2Fwp%2Fv2%2Fcomments&post=186761"}],"version-history":[{"count":1,"href":"https:\/\/diarioregionaldigital.com.br\/index.php?rest_route=\/wp\/v2\/posts\/186761\/revisions"}],"predecessor-version":[{"id":186763,"href":"https:\/\/diarioregionaldigital.com.br\/index.php?rest_route=\/wp\/v2\/posts\/186761\/revisions\/186763"}],"wp:featuredmedia":[{"embeddable":true,"href":"https:\/\/diarioregionaldigital.com.br\/index.php?rest_route=\/wp\/v2\/media\/186762"}],"wp:attachment":[{"href":"https:\/\/diarioregionaldigital.com.br\/index.php?rest_route=%2Fwp%2Fv2%2Fmedia&parent=186761"}],"wp:term":[{"taxonomy":"category","embeddable":true,"href":"https:\/\/diarioregionaldigital.com.br\/index.php?rest_route=%2Fwp%2Fv2%2Fcategories&post=186761"},{"taxonomy":"post_tag","embeddable":true,"href":"https:\/\/diarioregionaldigital.com.br\/index.php?rest_route=%2Fwp%2Fv2%2Ftags&post=186761"}],"curies":[{"name":"wp","href":"https:\/\/api.w.org\/{rel}","templated":true}]}}