{"id":186758,"date":"2021-08-11T16:38:09","date_gmt":"2021-08-11T19:38:09","guid":{"rendered":"https:\/\/diarioregionaldigital.com.br\/?p=186758"},"modified":"2021-08-11T16:38:09","modified_gmt":"2021-08-11T19:38:09","slug":"paralimpiada-atletas-isolados-sao-liberados-para-treinar-no-japao","status":"publish","type":"post","link":"https:\/\/diarioregionaldigital.com.br\/?p=186758","title":{"rendered":"Paralimp\u00edada: atletas isolados s\u00e3o liberados para treinar no Jap\u00e3o"},"content":{"rendered":"<p>Chegou ao fim a ang\u00fastia de 27 atletas brasileiros que disputar\u00e3o a Paralimp\u00edada de T\u00f3quio (Jap\u00e3o) e estavam sem conseguir treinar devido ao isolamento em Hamamatsu, a 250 quil\u00f4metros da capital japonesa. A libera\u00e7\u00e3o para a realiza\u00e7\u00e3o de atividades &#8211; separados de outros esportistas &#8211; foi concedida na noite desta ter\u00e7a-feira (10) pelo prefeito da cidade, Yasutomo Suzuki. Eles foram isolados ap\u00f3s um integrante da delega\u00e7\u00e3o testar positivo para o novo coronav\u00edrus (covid-19) no desembarque em T\u00f3quio, na \u00faltima sexta-feira (6).<\/p>\n<p>O caso foi tornado p\u00fablico na manh\u00e3 desta ter\u00e7a (10), ap\u00f3s o nadador Daniel Dias publicar um v\u00eddeo no Instagram em que pedia compreens\u00e3o das autoridades locais, uma vez que a ida da delega\u00e7\u00e3o brasileira a Hamamatsu antes da Paralimp\u00edada se deu justamente para aclimata\u00e7\u00e3o e treinamento. Al\u00e9m disso, segundo ele, os atletas isolados &#8211; que integram as sele\u00e7\u00f5es de nata\u00e7\u00e3o, halterofilismo, goalball e t\u00eanis de mesa &#8211; testaram negativo para covid-19, mas a prefeitura da cidade, at\u00e9 ent\u00e3o, n\u00e3o permitia sequer a sa\u00edda dos esportistas do quarto durante a vig\u00eancia da quarentena de 14 dias, iniciada no s\u00e1bado (7), um dia ap\u00f3s a delega\u00e7\u00e3o desembarcar no Jap\u00e3o.<\/p>\n<p>Ap\u00f3s a libera\u00e7\u00e3o para treinos, Daniel tamb\u00e9m se manifestou pela rede social, agradecendo o apoio.<\/p>\n<p>&#8220;Vim aqui agradecer a todos que escutaram nossa mensagem e pedido de ajuda. Finalmente conseguimos autoriza\u00e7\u00e3o para treinar aqui em Hamamatsu. N\u00f3s continuaremos isolados, em grupos separados, mas ao menos poderemos ir para a piscina e academia, que \u00e9 o nosso grande objetivo aqui. Nosso objetivo \u00e9 treinar. Recebemos muito carinho. Essa uni\u00e3o certamente nos fortalece para entregarmos nosso melhor nos Jogos Paral\u00edmpicos. Partiu, treino!&#8221;, comemorou o nadador, em v\u00eddeo publicado no Instagram.<\/p>\n<p>Segundo o Comit\u00ea Paral\u00edmpico Brasileiro (CPB), os atletas isolados treinar\u00e3o em hor\u00e1rios diferentes dos que n\u00e3o tiveram contato com a pessoa infectada da delega\u00e7\u00e3o e que j\u00e1 tinham, inclusive, iniciado as atividades em Hamamatsu. O transporte \u00e0s arenas ser\u00e1 feito em ve\u00edculos separados. A quarentena vai at\u00e9 o pr\u00f3ximo dia 21, a tr\u00eas dias do in\u00edcio da Paralimp\u00edada. A sele\u00e7\u00e3o de nata\u00e7\u00e3o, por\u00e9m, deve embarcar para T\u00f3quio no dia 18, pois as disputas no Centro Aqu\u00e1tico da capital come\u00e7am no dia 25.<\/p>\n<p>O protocolo do Comit\u00ea Organizador Local de T\u00f3quio 2020 prev\u00ea o isolamento de pessoas de contato pr\u00f3ximo ou que estavam em um raio de duas fileiras de assentos do indiv\u00edduo infectado &#8211; o que englobou 52 membros da delega\u00e7\u00e3o brasileira ao todo. O CPB, por\u00e9m, alegou que a \u00faltima vers\u00e3o do livro de regras dos Jogos dizia ser &#8220;permitido&#8221; aos atletas &#8220;treinar, igualmente em isolamento, e at\u00e9 mesmo competir&#8221;, citando que o mesmo aconteceu com equipes de \u00c1frica do Sul, Comit\u00ea Russo e It\u00e1lia na Olimp\u00edada.<\/p>\n<p>&#8220;O CPB agradece ao prefeito de Hamamatsu, Yasutomo Suzuki, pela sensibilidade em liberar os treinos, ap\u00f3s cinco dias de reclus\u00e3o dos atletas que testaram negativo desde os testes antes do embarque no Brasil, em 5 de agosto. Agradece tamb\u00e9m \u00e0 embaixada brasileira em T\u00f3quio, pelo apoio de primeira hora ao grupo brasileiro em Hamamatsu&#8221;, conclui a nota divulgada pelo Comit\u00ea brasileiro nesta quarta-feira (11).<\/p>\n<p><span style=\"font-weight: 400;\">Fonte: Ag\u00eancia Brasil <\/span><\/p>\n","protected":false},"excerpt":{"rendered":"<p>Chegou ao fim a ang\u00fastia de 27 atletas brasileiros que disputar\u00e3o a Paralimp\u00edada de T\u00f3quio (Jap\u00e3o) e estavam sem conseguir treinar devido ao isolamento em Hamamatsu, a 250 quil\u00f4metros da capital japonesa. A libera\u00e7\u00e3o para a realiza\u00e7\u00e3o de atividades &#8211; separados de outros esportistas &#8211; foi concedida na noite desta ter\u00e7a-feira (10) pelo prefeito da [&hellip;]<\/p>\n","protected":false},"author":246,"featured_media":186759,"comment_status":"closed","ping_status":"closed","sticky":false,"template":"","format":"standard","meta":{"footnotes":""},"categories":[436,257,439],"tags":[],"class_list":["post-186758","post","type-post","status-publish","format-standard","has-post-thumbnail","hentry","category-destaque-da-semana","category-esporte","category-ultima-hora"],"_links":{"self":[{"href":"https:\/\/diarioregionaldigital.com.br\/index.php?rest_route=\/wp\/v2\/posts\/186758","targetHints":{"allow":["GET"]}}],"collection":[{"href":"https:\/\/diarioregionaldigital.com.br\/index.php?rest_route=\/wp\/v2\/posts"}],"about":[{"href":"https:\/\/diarioregionaldigital.com.br\/index.php?rest_route=\/wp\/v2\/types\/post"}],"author":[{"embeddable":true,"href":"https:\/\/diarioregionaldigital.com.br\/index.php?rest_route=\/wp\/v2\/users\/246"}],"replies":[{"embeddable":true,"href":"https:\/\/diarioregionaldigital.com.br\/index.php?rest_route=%2Fwp%2Fv2%2Fcomments&post=186758"}],"version-history":[{"count":1,"href":"https:\/\/diarioregionaldigital.com.br\/index.php?rest_route=\/wp\/v2\/posts\/186758\/revisions"}],"predecessor-version":[{"id":186760,"href":"https:\/\/diarioregionaldigital.com.br\/index.php?rest_route=\/wp\/v2\/posts\/186758\/revisions\/186760"}],"wp:featuredmedia":[{"embeddable":true,"href":"https:\/\/diarioregionaldigital.com.br\/index.php?rest_route=\/wp\/v2\/media\/186759"}],"wp:attachment":[{"href":"https:\/\/diarioregionaldigital.com.br\/index.php?rest_route=%2Fwp%2Fv2%2Fmedia&parent=186758"}],"wp:term":[{"taxonomy":"category","embeddable":true,"href":"https:\/\/diarioregionaldigital.com.br\/index.php?rest_route=%2Fwp%2Fv2%2Fcategories&post=186758"},{"taxonomy":"post_tag","embeddable":true,"href":"https:\/\/diarioregionaldigital.com.br\/index.php?rest_route=%2Fwp%2Fv2%2Ftags&post=186758"}],"curies":[{"name":"wp","href":"https:\/\/api.w.org\/{rel}","templated":true}]}}