{"id":186749,"date":"2021-08-11T16:30:07","date_gmt":"2021-08-11T19:30:07","guid":{"rendered":"https:\/\/diarioregionaldigital.com.br\/?p=186749"},"modified":"2021-08-11T16:30:07","modified_gmt":"2021-08-11T19:30:07","slug":"pec-propoe-votar-regra-de-ouro-junto-com-orcamento","status":"publish","type":"post","link":"https:\/\/diarioregionaldigital.com.br\/?p=186749","title":{"rendered":"PEC prop\u00f5e votar regra de ouro junto com Or\u00e7amento"},"content":{"rendered":"<p>A proposta de emenda \u00e0 Constitui\u00e7\u00e3o (PEC) que\u00a0<a href=\"https:\/\/agenciabrasil.ebc.com.br\/politica\/noticia\/2021-08\/pec-dos-precatorios-preve-parcelamento-em-dez-vezes\" target=\"_blank\" rel=\"noopener\">parcela os precat\u00f3rios<\/a>\u00a0(d\u00edvidas do governo com senten\u00e7a definitiva da Justi\u00e7a) incluiu um dispositivo que altera a regra de ouro, confirmou hoje (10) \u00e0 noite o Tesouro Nacional. O governo quer que o Congresso passe a autorizar o descumprimento da regra junto com a vota\u00e7\u00e3o do Or\u00e7amento do ano seguinte.<img decoding=\"async\" src=\"https:\/\/agenciabrasil.ebc.com.br\/ebc.png?id=1418068&amp;o=node\" \/><img decoding=\"async\" src=\"https:\/\/agenciabrasil.ebc.com.br\/ebc.gif?id=1418068&amp;o=node\" \/><\/p>\n<p>Institu\u00edda pelo Artigo 167 da Constitui\u00e7\u00e3o, a regra de ouro estabelece que o governo s\u00f3 pode emitir d\u00edvida p\u00fablica para rolar (renovar) a pr\u00f3pria d\u00edvida ou para cobrir despesas de capital, como investimentos em obras p\u00fablicas e amortiza\u00e7\u00f5es. Para cobrir gastos correntes, como os citados anteriormente, o governo precisa pedir autoriza\u00e7\u00e3o do Congresso, por meio de um cr\u00e9dito suplementar ou especial no Or\u00e7amento, que requer maioria absoluta para a aprova\u00e7\u00e3o.<\/p>\n<p>Desde 2018, o governo tem estourado a regra de ouro e pedido, todos os anos, autoriza\u00e7\u00e3o ao Congresso para financiar gastos correntes com d\u00edvida p\u00fablica. Para este ano, a insufici\u00eancia est\u00e1 estimada em R$ 144,03 bilh\u00f5es. O valor original beirava os R$ 400 bilh\u00f5es, mas foi reduzido com a emiss\u00e3o de t\u00edtulos para compor o colch\u00e3o da d\u00edvida p\u00fablica (reserva financeira para momentos de turbul\u00eancia) e pela devolu\u00e7\u00e3o do super\u00e1vit de fundos p\u00fablicos determinada pela reforma do pacto federativo.<\/p>\n<p>Com a proposta, a autoriza\u00e7\u00e3o do Poder Legislativo seria votada durante a tramita\u00e7\u00e3o do projeto de lei do Or\u00e7amento do ano seguinte. Em nota, o Tesouro argumentou que a proposta antecipa a an\u00e1lise do pedido de cr\u00e9dito suplementar e traz mais agilidade na gest\u00e3o das contas p\u00fablicas. Isso porque a emiss\u00e3o de t\u00edtulos p\u00fablicos tem financiado, nos \u00faltimos anos, gastos com os sal\u00e1rios do funcionalismo p\u00fablico, o pagamento de aposentadorias da Previd\u00eancia Social e dos benef\u00edcios do Bolsa Fam\u00edlia, entre outras despesas.<\/p>\n<p>\u201cA PEC visa aprimorar e agilizar o procedimento atual, que provoca morosidade ao estabelecer a necessidade de submeter a aprova\u00e7\u00e3o posterior pelo Congresso Nacional, por maioria absoluta dos votos, de cr\u00e9dito adicional para despesas que j\u00e1 haviam sido aprovadas anteriormente pelos congressistas, durante a tramita\u00e7\u00e3o do projeto de lei or\u00e7ament\u00e1ria\u201d, explicou o Tesouro em comunicado, emitido ap\u00f3s cr\u00edticas de economistas de que a proposta retiraria uma das \u00e2ncoras fiscais da legisla\u00e7\u00e3o.<\/p>\n<p>Segundo o \u00f3rg\u00e3o, com a san\u00e7\u00e3o do Or\u00e7amento de 2021 apenas no fim de abril, o governo s\u00f3 conseguiu enviar o projeto de lei com o pedido de cr\u00e9dito para a regra de ouro quase no fim do primeiro quadrimestre. \u201cA situa\u00e7\u00e3o colocou em risco diversas despesas que dependiam da aprova\u00e7\u00e3o desses cr\u00e9ditos, como folha de pessoal\u201d, justificou o Tesouro.<\/p>\n<p>Caso a insufici\u00eancia da regra de ouro seja superior ao valor autorizado pela lei or\u00e7ament\u00e1ria anual, a PEC, informou o Tesouro, mant\u00e9m o procedimento original. Nesses casos, fica mantida a prerrogativa de o Poder Executivo enviar pedidos de cr\u00e9ditos suplementares ou especiais, que continuariam exigindo maioria absoluta do Congresso para a aprova\u00e7\u00e3o.<\/p>\n<p><span style=\"font-weight: 400;\">Fonte: Ag\u00eancia Brasil <\/span><\/p>\n","protected":false},"excerpt":{"rendered":"<p>A proposta de emenda \u00e0 Constitui\u00e7\u00e3o (PEC) que\u00a0parcela os precat\u00f3rios\u00a0(d\u00edvidas do governo com senten\u00e7a definitiva da Justi\u00e7a) incluiu um dispositivo que altera a regra de ouro, confirmou hoje (10) \u00e0 noite o Tesouro Nacional. O governo quer que o Congresso passe a autorizar o descumprimento da regra junto com a vota\u00e7\u00e3o do Or\u00e7amento do ano [&hellip;]<\/p>\n","protected":false},"author":246,"featured_media":186750,"comment_status":"closed","ping_status":"closed","sticky":false,"template":"","format":"standard","meta":{"footnotes":""},"categories":[436,254,439],"tags":[],"class_list":["post-186749","post","type-post","status-publish","format-standard","has-post-thumbnail","hentry","category-destaque-da-semana","category-politica","category-ultima-hora"],"_links":{"self":[{"href":"https:\/\/diarioregionaldigital.com.br\/index.php?rest_route=\/wp\/v2\/posts\/186749","targetHints":{"allow":["GET"]}}],"collection":[{"href":"https:\/\/diarioregionaldigital.com.br\/index.php?rest_route=\/wp\/v2\/posts"}],"about":[{"href":"https:\/\/diarioregionaldigital.com.br\/index.php?rest_route=\/wp\/v2\/types\/post"}],"author":[{"embeddable":true,"href":"https:\/\/diarioregionaldigital.com.br\/index.php?rest_route=\/wp\/v2\/users\/246"}],"replies":[{"embeddable":true,"href":"https:\/\/diarioregionaldigital.com.br\/index.php?rest_route=%2Fwp%2Fv2%2Fcomments&post=186749"}],"version-history":[{"count":1,"href":"https:\/\/diarioregionaldigital.com.br\/index.php?rest_route=\/wp\/v2\/posts\/186749\/revisions"}],"predecessor-version":[{"id":186751,"href":"https:\/\/diarioregionaldigital.com.br\/index.php?rest_route=\/wp\/v2\/posts\/186749\/revisions\/186751"}],"wp:featuredmedia":[{"embeddable":true,"href":"https:\/\/diarioregionaldigital.com.br\/index.php?rest_route=\/wp\/v2\/media\/186750"}],"wp:attachment":[{"href":"https:\/\/diarioregionaldigital.com.br\/index.php?rest_route=%2Fwp%2Fv2%2Fmedia&parent=186749"}],"wp:term":[{"taxonomy":"category","embeddable":true,"href":"https:\/\/diarioregionaldigital.com.br\/index.php?rest_route=%2Fwp%2Fv2%2Fcategories&post=186749"},{"taxonomy":"post_tag","embeddable":true,"href":"https:\/\/diarioregionaldigital.com.br\/index.php?rest_route=%2Fwp%2Fv2%2Ftags&post=186749"}],"curies":[{"name":"wp","href":"https:\/\/api.w.org\/{rel}","templated":true}]}}