{"id":186746,"date":"2021-08-11T16:27:33","date_gmt":"2021-08-11T19:27:33","guid":{"rendered":"https:\/\/diarioregionaldigital.com.br\/?p=186746"},"modified":"2021-08-11T16:27:33","modified_gmt":"2021-08-11T19:27:33","slug":"cpi-farmaceutica-diz-que-nao-vendeu-ivermectina-ao-governo-federal","status":"publish","type":"post","link":"https:\/\/diarioregionaldigital.com.br\/?p=186746","title":{"rendered":"CPI: farmac\u00eautica diz que n\u00e3o vendeu ivermectina ao governo federal"},"content":{"rendered":"<p>Em depoimento \u00e0 Comiss\u00e3o Parlamentar de Inqu\u00e9rito (CPI) da Pandemia do Senado, nesta quarta-feira (11), o diretor executivo da farmac\u00eautica Vitamedic, Jailton Batista, disse que n\u00e3o vendeu nenhum comprimido de ivermectina ao governo federal. A empresa, de An\u00e1polis (GO), \u00e9 uma das principais produtoras desse medicamento no pa\u00eds, que n\u00e3o comprova\u00e7\u00e3o cient\u00edfica no tratamento contra a covid-19.<img decoding=\"async\" src=\"https:\/\/agenciabrasil.ebc.com.br\/ebc.png?id=1418144&amp;o=node\" \/><img decoding=\"async\" src=\"https:\/\/agenciabrasil.ebc.com.br\/ebc.gif?id=1418144&amp;o=node\" \/><\/p>\n<p>Ainda sobre o produto &#8211; que comp\u00f5e o chamado\u00a0<em>kit\u00a0<\/em>covid para tratamento precoce da doen\u00e7a, prescrito por alguns m\u00e9dicos \u2013 Batista disse que vendeu diretamente, ao estado de Mato Grosso, 350 mil unidades do rem\u00e9dio.<\/p>\n<p>O executivo acrescentou que mais de 1 milh\u00e3o de unidades de caixas com quatro comprimidos de ivermectina foram compradas da Vitamedic por prefeituras de munic\u00edpios de pequeno e m\u00e9dio portes. Entre os exemplos de estados que adquiriram lotes do rem\u00e9dio est\u00e3o Paran\u00e1, Goi\u00e1s e Cear\u00e1. &#8220;V\u00e1rios munic\u00edpios [compraram] e alguns fizeram a aquisi\u00e7\u00e3o direto conosco. Podemos fornecer a lista at\u00e9 amanh\u00e3&#8221;, disse.<\/p>\n<p><strong>Propaganda<\/strong><\/p>\n<p>O diretor da Vitamedic disse aos senadores que patrocinou a veicula\u00e7\u00e3o de an\u00fancios nos principais jornais de circula\u00e7\u00e3o do pa\u00eds. As pe\u00e7as publicit\u00e1rias \u2013 divulgadas em 16 de fevereiro de 2021 &#8211; foram atribu\u00eddas ao grupo M\u00e9dicos pela Vida e defendiam o uso de cloroquina, ivermectina, zinco e vitamina D \u2013 subst\u00e2ncias sem efic\u00e1cia comprovada contra o novo coronav\u00edrus. Nas pe\u00e7as, al\u00e9m de se manifestar favoravelmente &#8220;\u00e0 interven\u00e7\u00e3o precoce no tratamento da covid-19&#8221;, o grupo destaca que &#8220;outras notas e cartas assinadas por m\u00e9dicos e sociedades m\u00e9dicas se posicionando contra o tratamento precoce&#8221; n\u00e3o os representavam. Segundo Batista, a veicula\u00e7\u00e3o custou R$ 717 mil, e o conte\u00fado n\u00e3o teve interfer\u00eancia da farmac\u00eautica.<\/p>\n<p>Ao explicar aos senadores que o Centro Universit\u00e1rio Alves Faria (Unialfa) e a Vitamedic fazem parte do mesmo grupo, chamado Jos\u00e9 Alves, Batista disse que, em outra a\u00e7\u00e3o, a Unialfa tamb\u00e9m deu apoio \u00e0 reestrutura\u00e7\u00e3o do site da Associa\u00e7\u00e3o M\u00e9dicos pela Vida. Segundo o depoente, o centro universit\u00e1rio tamb\u00e9m promoveu transmiss\u00f5es ao vivo com m\u00e9dicos a respeito do\u00a0<em>kit<\/em>\u00a0covid como forma de acabar com a quarentena.<\/p>\n<p>Questionado sobre a efici\u00eancia da ivermectina no tratamento da covid-19, o diretor executivo da Vitamedic reconheceu que a Merck, primeira fabricante do medicamento, informou em comunicado n\u00e3o haver evid\u00eancia de que o produto funcione para este fim. \u201cVoc\u00eas vendiam e n\u00e3o diziam em bula que a ivermectina n\u00e3o salva vidas contra a covid-19. Isso levou \u00e0 morte de muitos amazonenses, e isso n\u00e3o ficar\u00e1 impune\u201d, disse o presidente da CPI, senador Omar Aziz (PSD-AM).<\/p>\n<p><strong>Lucros<\/strong><\/p>\n<p>De acordo com relat\u00f3rios enviados \u00e0 CPI, apenas as vendas da ivermectina da Vitamedic saltaram de 24,6 milh\u00f5es de comprimidos em 2019 para 297,5 milh\u00f5es em 2020 \u2014 um crescimento superior a 1.105%. O pre\u00e7o m\u00e9dio da caixa com 500 comprimidos subiu de R$ 73,87 para R$ 240,90 \u2014 um incremento de 226%. O\u00a0relator do colegiado, senador Renan Calheiros (MDB-AL), quis saber se declara\u00e7\u00f5es do presidente Jair Bolsonaro a favor do medicamento tiveram reflexos no aumento.<\/p>\n<p>\u201cN\u00e3o temos como medir. Antes que houvesse alguns pronunciamentos, desde a eclos\u00e3o da pandemia, quando os primeiros estudos<em>\u00a0in vitro<\/em>\u00a0apontaram que a ivermectina\u00a0tinha alguma a\u00e7\u00e3o, isso desencadeou o interesse pelo produto, ele passou a ter visibilidade maior\u201d, afirmou o depoente.<\/p>\n<p>O representante da Vitamedic disse ainda que a empresa n\u00e3o conduziu estudos sobre a efic\u00e1cia da ivermectina para o tratamento da covid-19. Segundo Jailton Batista, a farmac\u00eautica continuou vendendo compridos porque \u201cproduz o que o mercado demanda\u201d.<\/p>\n<p><strong>Hist\u00f3rico<\/strong><\/p>\n<p>O requerimento original aprovado pela comiss\u00e3o em junho previa a presen\u00e7a de outro representante da farmac\u00eautica, o empres\u00e1rio Jos\u00e9 Alves Filho, que j\u00e1 teve os sigilos telef\u00f4nico, telem\u00e1tico, fiscal e banc\u00e1rio quebrados pela CPI. Em of\u00edcio enviado \u00e0 comiss\u00e3o, o empres\u00e1rio argumentou que, como acionista da Vitamedic, poderia responder apenas sobre \u201cinvestimentos fabris e novas aquisi\u00e7\u00f5es\u201d e sugeriu que fosse ouvido o diretor Jailton Batista, a quem caberia \u201ca administra\u00e7\u00e3o das rotinas di\u00e1rias\u201d da empresa.<\/p>\n<p><span style=\"font-weight: 400;\">Fonte: Ag\u00eancia Brasil <\/span><\/p>\n","protected":false},"excerpt":{"rendered":"<p>Em depoimento \u00e0 Comiss\u00e3o Parlamentar de Inqu\u00e9rito (CPI) da Pandemia do Senado, nesta quarta-feira (11), o diretor executivo da farmac\u00eautica Vitamedic, Jailton Batista, disse que n\u00e3o vendeu nenhum comprimido de ivermectina ao governo federal. A empresa, de An\u00e1polis (GO), \u00e9 uma das principais produtoras desse medicamento no pa\u00eds, que n\u00e3o comprova\u00e7\u00e3o cient\u00edfica no tratamento contra [&hellip;]<\/p>\n","protected":false},"author":246,"featured_media":186747,"comment_status":"closed","ping_status":"closed","sticky":false,"template":"","format":"standard","meta":{"footnotes":""},"categories":[436,254,439],"tags":[],"class_list":["post-186746","post","type-post","status-publish","format-standard","has-post-thumbnail","hentry","category-destaque-da-semana","category-politica","category-ultima-hora"],"_links":{"self":[{"href":"https:\/\/diarioregionaldigital.com.br\/index.php?rest_route=\/wp\/v2\/posts\/186746","targetHints":{"allow":["GET"]}}],"collection":[{"href":"https:\/\/diarioregionaldigital.com.br\/index.php?rest_route=\/wp\/v2\/posts"}],"about":[{"href":"https:\/\/diarioregionaldigital.com.br\/index.php?rest_route=\/wp\/v2\/types\/post"}],"author":[{"embeddable":true,"href":"https:\/\/diarioregionaldigital.com.br\/index.php?rest_route=\/wp\/v2\/users\/246"}],"replies":[{"embeddable":true,"href":"https:\/\/diarioregionaldigital.com.br\/index.php?rest_route=%2Fwp%2Fv2%2Fcomments&post=186746"}],"version-history":[{"count":1,"href":"https:\/\/diarioregionaldigital.com.br\/index.php?rest_route=\/wp\/v2\/posts\/186746\/revisions"}],"predecessor-version":[{"id":186748,"href":"https:\/\/diarioregionaldigital.com.br\/index.php?rest_route=\/wp\/v2\/posts\/186746\/revisions\/186748"}],"wp:featuredmedia":[{"embeddable":true,"href":"https:\/\/diarioregionaldigital.com.br\/index.php?rest_route=\/wp\/v2\/media\/186747"}],"wp:attachment":[{"href":"https:\/\/diarioregionaldigital.com.br\/index.php?rest_route=%2Fwp%2Fv2%2Fmedia&parent=186746"}],"wp:term":[{"taxonomy":"category","embeddable":true,"href":"https:\/\/diarioregionaldigital.com.br\/index.php?rest_route=%2Fwp%2Fv2%2Fcategories&post=186746"},{"taxonomy":"post_tag","embeddable":true,"href":"https:\/\/diarioregionaldigital.com.br\/index.php?rest_route=%2Fwp%2Fv2%2Ftags&post=186746"}],"curies":[{"name":"wp","href":"https:\/\/api.w.org\/{rel}","templated":true}]}}