{"id":186740,"date":"2021-08-11T16:13:01","date_gmt":"2021-08-11T19:13:01","guid":{"rendered":"https:\/\/diarioregionaldigital.com.br\/?p=186740"},"modified":"2021-08-11T16:13:01","modified_gmt":"2021-08-11T19:13:01","slug":"producao-de-motocicletas-cai-em-julho-diz-abraciclo","status":"publish","type":"post","link":"https:\/\/diarioregionaldigital.com.br\/?p=186740","title":{"rendered":"Produ\u00e7\u00e3o de motocicletas cai em julho, diz Abraciclo"},"content":{"rendered":"<p>A produ\u00e7\u00e3o de motocicletas em julho chegou a 95.025 motocicletas, 9,9% a menos do que em junho (105.450 unidades) e 3% menor na compara\u00e7\u00e3o com o mesmo m\u00eas do ano passado (97.920 motocicletas). O\u00a0recuo j\u00e1 era esperado, devido \u00e0s f\u00e9rias coletivas nas\u00a0f\u00e1bricas neste\u00a0per\u00edodo. No acumulado do ano, a ind\u00fastria fabricou 663.888 unidades, alta de 35,4% em rela\u00e7\u00e3o a\u00a02020 (490.137).<img decoding=\"async\" src=\"https:\/\/agenciabrasil.ebc.com.br\/ebc.png?id=1418142&amp;o=node\" \/><img decoding=\"async\" src=\"https:\/\/agenciabrasil.ebc.com.br\/ebc.gif?id=1418142&amp;o=node\" \/><\/p>\n<p>Os dados foram divulgados\u00a0hoje\u00a0(11) pela Associa\u00e7\u00e3o Brasileira dos Fabricantes de Motocicletas, Ciclomotores, Motonetas, Bicicletas e Similares (Abraciclo).<\/p>\n<p>Os emplacamentos somaram 112.538 unidades em julho, o que corresponde a um aumento de 5,5% em rela\u00e7\u00e3o ao m\u00eas anterior (106.680 motocicletas). Na compara\u00e7\u00e3o com julho do ano passado, houve alta de 32,2% (85.148 unidades). No acumulado do ano, foram licenciadas 629.692 motocicletas, volume 44,7% superior \u00e0s 435.289 unidades emplacadas no mesmo per\u00edodo de 2020.<\/p>\n<p>\u201cO uso da motocicleta cresceu muito durante a pandemia. Ainda existe desequil\u00edbrio entre a oferta e a demanda, mas, aos poucos, estamos conseguindo atender aos consumidores\u201d, afirmou o presidente da entidade, Marcos Fermanian.<\/p>\n<p>Os dados indicam ainda que as exporta\u00e7\u00f5es tiveram alta de 36,7%\u00a0ao embarcar 6.026 motocicletas em julho ante as 4.409 unidades\u00a0de junho. Com rela\u00e7\u00e3o a julho do ano passado, quando foram comercializadas no mercado exterior\u00a0 4.432 unidades, houve alta de 36%. De janeiro a julho, foram exportadas 32.286 motocicletas, um aumento de 115,4% na compara\u00e7\u00e3o com o mesmo per\u00edodo do ano passado, quando foram produzidas 14.990 unidades.<\/p>\n<p><strong>Previs\u00f5es<\/strong><\/p>\n<p>De acordo com revis\u00e3o da Abraciclo,\u00a0as f\u00e1bricas instaladas no Polo Industrial de Manaus (PIM) devem produzir um total de 1,220 milh\u00e3o de motocicletas neste ano, o que corresponde a um\u00a0crescimento de 26,8%, na compara\u00e7\u00e3o com o ano passado, quando 961.986 unidades sa\u00edram das linhas de montagem. A perspectiva inicial, apresentada no in\u00edcio do ano, era a de 1,060 milh\u00e3o motocicletas produzidas.<\/p>\n<p>\u201cDepois de enfrentar um primeiro bimestre complicado, devido \u00e0\u00a0segunda\u00a0onda do coronav\u00edrus, que atingiu a cidade de Manaus, as unidades fabris registram uma curva de acelera\u00e7\u00e3o das produ\u00e7\u00f5es e cumprem seu planejamento. Aliado a isso, temos um mercado bastante aquecido, pois a motocicleta\u00a0hoje\u00a0\u00e9 instrumento de trabalho e op\u00e7\u00e3o de deslocamento seguro para evitar a aglomera\u00e7\u00e3o do transporte p\u00fablico\u201d, afirmou o presidente da Abraciclo.<\/p>\n<p>Segundo Fermanian, com a nova proje\u00e7\u00e3o, a produ\u00e7\u00e3o deve se aproximar do patamar registrado em 2015,\u00a0quando foram fabricadas 1.262.708 motocicletas. \u201cAinda estamos bem distantes do recorde de 2011, que teve mais de dois milh\u00f5es de unidades produzidas, mas o importante \u00e9 que a ind\u00fastria est\u00e1 consolidando sua recupera\u00e7\u00e3o e os sinais indicam o in\u00edcio de um novo ciclo de expans\u00e3o\u201d, disse.<\/p>\n<p>Conforme as novas estimativas, as vendas devem totalizar 1,140 milh\u00e3o motocicletas, alta de 24,6% em rela\u00e7\u00e3o \u00e0s 915.157 unidades emplacadas em 2020. J\u00e1 para as exporta\u00e7\u00f5es, a perspectiva \u00e9 de que sejam embarcadas 51 mil motocicletas, volume 51,1% superior ao registrado no ano passado (33.750). A perspectiva anterior, tamb\u00e9m apresentada no in\u00edcio do ano, era de que os licenciamentos somariam 980 mil\u00a0 unidades e as exporta\u00e7\u00f5es totalizariam 40 mil motocicletas.<\/p>\n<p><span style=\"font-weight: 400;\">Fonte: Ag\u00eancia Brasil <\/span><\/p>\n","protected":false},"excerpt":{"rendered":"<p>A produ\u00e7\u00e3o de motocicletas em julho chegou a 95.025 motocicletas, 9,9% a menos do que em junho (105.450 unidades) e 3% menor na compara\u00e7\u00e3o com o mesmo m\u00eas do ano passado (97.920 motocicletas). O\u00a0recuo j\u00e1 era esperado, devido \u00e0s f\u00e9rias coletivas nas\u00a0f\u00e1bricas neste\u00a0per\u00edodo. No acumulado do ano, a ind\u00fastria fabricou 663.888 unidades, alta de 35,4% [&hellip;]<\/p>\n","protected":false},"author":246,"featured_media":186741,"comment_status":"closed","ping_status":"closed","sticky":false,"template":"","format":"standard","meta":{"footnotes":""},"categories":[436,261,439],"tags":[],"class_list":["post-186740","post","type-post","status-publish","format-standard","has-post-thumbnail","hentry","category-destaque-da-semana","category-economia","category-ultima-hora"],"_links":{"self":[{"href":"https:\/\/diarioregionaldigital.com.br\/index.php?rest_route=\/wp\/v2\/posts\/186740","targetHints":{"allow":["GET"]}}],"collection":[{"href":"https:\/\/diarioregionaldigital.com.br\/index.php?rest_route=\/wp\/v2\/posts"}],"about":[{"href":"https:\/\/diarioregionaldigital.com.br\/index.php?rest_route=\/wp\/v2\/types\/post"}],"author":[{"embeddable":true,"href":"https:\/\/diarioregionaldigital.com.br\/index.php?rest_route=\/wp\/v2\/users\/246"}],"replies":[{"embeddable":true,"href":"https:\/\/diarioregionaldigital.com.br\/index.php?rest_route=%2Fwp%2Fv2%2Fcomments&post=186740"}],"version-history":[{"count":1,"href":"https:\/\/diarioregionaldigital.com.br\/index.php?rest_route=\/wp\/v2\/posts\/186740\/revisions"}],"predecessor-version":[{"id":186742,"href":"https:\/\/diarioregionaldigital.com.br\/index.php?rest_route=\/wp\/v2\/posts\/186740\/revisions\/186742"}],"wp:featuredmedia":[{"embeddable":true,"href":"https:\/\/diarioregionaldigital.com.br\/index.php?rest_route=\/wp\/v2\/media\/186741"}],"wp:attachment":[{"href":"https:\/\/diarioregionaldigital.com.br\/index.php?rest_route=%2Fwp%2Fv2%2Fmedia&parent=186740"}],"wp:term":[{"taxonomy":"category","embeddable":true,"href":"https:\/\/diarioregionaldigital.com.br\/index.php?rest_route=%2Fwp%2Fv2%2Fcategories&post=186740"},{"taxonomy":"post_tag","embeddable":true,"href":"https:\/\/diarioregionaldigital.com.br\/index.php?rest_route=%2Fwp%2Fv2%2Ftags&post=186740"}],"curies":[{"name":"wp","href":"https:\/\/api.w.org\/{rel}","templated":true}]}}