{"id":186737,"date":"2021-08-11T16:11:02","date_gmt":"2021-08-11T19:11:02","guid":{"rendered":"https:\/\/diarioregionaldigital.com.br\/?p=186737"},"modified":"2021-08-11T16:11:02","modified_gmt":"2021-08-11T19:11:02","slug":"anp-retoma-ritmo-pre-pandemia-na-fiscalizacao-de-combustiveis","status":"publish","type":"post","link":"https:\/\/diarioregionaldigital.com.br\/?p=186737","title":{"rendered":"ANP retoma ritmo pr\u00e9-pandemia na fiscaliza\u00e7\u00e3o de combust\u00edveis"},"content":{"rendered":"<p>A fiscaliza\u00e7\u00e3o do mercado de combust\u00edveis no Brasil pela Ag\u00eancia Nacional do Petr\u00f3leo, G\u00e1s Natural e Biocombust\u00edveis (ANP) retomou o ritmo pr\u00e9-pandemia no primeiro semestre de 2021. Segundo a ag\u00eancia informou hoje (11), no Rio de Janeiro, houve 19% a mais a\u00e7\u00f5es de fiscaliza\u00e7\u00e3o nos primeiros seis meses deste ano, na compara\u00e7\u00e3o com 2020.\u00a0<img decoding=\"async\" src=\"https:\/\/agenciabrasil.ebc.com.br\/ebc.png?id=1418140&amp;o=node\" \/><img decoding=\"async\" src=\"https:\/\/agenciabrasil.ebc.com.br\/ebc.gif?id=1418140&amp;o=node\" \/><\/p>\n<p>O balan\u00e7o mostra que &#8211; de janeiro a junho de 2021 &#8211; houve 9.064 a\u00e7\u00f5es de fiscaliza\u00e7\u00e3o, resultando em 1.798 autos de infra\u00e7\u00e3o. O n\u00famero de estabelecimentos interditados chegou a 300.<\/p>\n<p>Cada auto de infra\u00e7\u00e3o pode conter mais de um fato infracional, explicou a ANP, acrescentando que o total de infra\u00e7\u00f5es foi de 2.656. Dessas, as mais comuns foram o n\u00e3o cumprimento de notifica\u00e7\u00e3o para o atendimento de determina\u00e7\u00e3o da ag\u00eancia, venda de combust\u00edvel fora dos padr\u00f5es de qualidade e a n\u00e3o apresenta\u00e7\u00e3o de autoriza\u00e7\u00e3o de funcionamento.<\/p>\n<p><strong>Sudeste lidera fiscaliza\u00e7\u00e3o<\/strong><\/p>\n<p>A maior parte das a\u00e7\u00f5es de fiscaliza\u00e7\u00e3o foi realizada na Regi\u00e3o Sudeste, onde se concentra o maior n\u00famero de agentes econ\u00f4micos do mercado de combust\u00edveis. S\u00e3o Paulo, Rio de Janeiro, Minas Gerais e Esp\u00edrito Santo receberam 4.809 a\u00e7\u00f5es desse tipo.<\/p>\n<p>Na Regi\u00e3o Nordeste, foram 1.532, na Regi\u00e3o Sul, 1.600, na Regi\u00e3o Centro-Oeste, 766, e na Regi\u00e3o Norte, 357.<\/p>\n<p><span style=\"font-weight: 400;\"><br \/>\n<\/span><span style=\"font-weight: 400;\">Fonte: Ag\u00eancia Brasil <\/span><\/p>\n","protected":false},"excerpt":{"rendered":"<p>A fiscaliza\u00e7\u00e3o do mercado de combust\u00edveis no Brasil pela Ag\u00eancia Nacional do Petr\u00f3leo, G\u00e1s Natural e Biocombust\u00edveis (ANP) retomou o ritmo pr\u00e9-pandemia no primeiro semestre de 2021. Segundo a ag\u00eancia informou hoje (11), no Rio de Janeiro, houve 19% a mais a\u00e7\u00f5es de fiscaliza\u00e7\u00e3o nos primeiros seis meses deste ano, na compara\u00e7\u00e3o com 2020.\u00a0 O [&hellip;]<\/p>\n","protected":false},"author":246,"featured_media":186738,"comment_status":"closed","ping_status":"closed","sticky":false,"template":"","format":"standard","meta":{"footnotes":""},"categories":[436,261,439],"tags":[],"class_list":["post-186737","post","type-post","status-publish","format-standard","has-post-thumbnail","hentry","category-destaque-da-semana","category-economia","category-ultima-hora"],"_links":{"self":[{"href":"https:\/\/diarioregionaldigital.com.br\/index.php?rest_route=\/wp\/v2\/posts\/186737","targetHints":{"allow":["GET"]}}],"collection":[{"href":"https:\/\/diarioregionaldigital.com.br\/index.php?rest_route=\/wp\/v2\/posts"}],"about":[{"href":"https:\/\/diarioregionaldigital.com.br\/index.php?rest_route=\/wp\/v2\/types\/post"}],"author":[{"embeddable":true,"href":"https:\/\/diarioregionaldigital.com.br\/index.php?rest_route=\/wp\/v2\/users\/246"}],"replies":[{"embeddable":true,"href":"https:\/\/diarioregionaldigital.com.br\/index.php?rest_route=%2Fwp%2Fv2%2Fcomments&post=186737"}],"version-history":[{"count":1,"href":"https:\/\/diarioregionaldigital.com.br\/index.php?rest_route=\/wp\/v2\/posts\/186737\/revisions"}],"predecessor-version":[{"id":186739,"href":"https:\/\/diarioregionaldigital.com.br\/index.php?rest_route=\/wp\/v2\/posts\/186737\/revisions\/186739"}],"wp:featuredmedia":[{"embeddable":true,"href":"https:\/\/diarioregionaldigital.com.br\/index.php?rest_route=\/wp\/v2\/media\/186738"}],"wp:attachment":[{"href":"https:\/\/diarioregionaldigital.com.br\/index.php?rest_route=%2Fwp%2Fv2%2Fmedia&parent=186737"}],"wp:term":[{"taxonomy":"category","embeddable":true,"href":"https:\/\/diarioregionaldigital.com.br\/index.php?rest_route=%2Fwp%2Fv2%2Fcategories&post=186737"},{"taxonomy":"post_tag","embeddable":true,"href":"https:\/\/diarioregionaldigital.com.br\/index.php?rest_route=%2Fwp%2Fv2%2Ftags&post=186737"}],"curies":[{"name":"wp","href":"https:\/\/api.w.org\/{rel}","templated":true}]}}