{"id":186733,"date":"2021-08-11T16:08:39","date_gmt":"2021-08-11T19:08:39","guid":{"rendered":"https:\/\/diarioregionaldigital.com.br\/?p=186733"},"modified":"2021-08-11T16:08:39","modified_gmt":"2021-08-11T19:08:39","slug":"bndes-reduz-juros-para-empresas-com-desempenho-ambiental-e-social","status":"publish","type":"post","link":"https:\/\/diarioregionaldigital.com.br\/?p=186733","title":{"rendered":"BNDES reduz juros para empresas com desempenho ambiental e social"},"content":{"rendered":"<p>Empresas que reduzirem emiss\u00f5es de gases poluentes ou aumentarem iniciativas sociais, mostrando expans\u00e3o de seu desempenho ambiental, social e de governan\u00e7a (ASG),\u00a0ter\u00e3o juros reduzidos nos financiamentos do Banco Nacional de Desenvolvimento Econ\u00f4mico e Social (BNDES).<img decoding=\"async\" src=\"https:\/\/agenciabrasil.ebc.com.br\/ebc.png?id=1418136&amp;o=node\" \/><img decoding=\"async\" src=\"https:\/\/agenciabrasil.ebc.com.br\/ebc.gif?id=1418136&amp;o=node\" \/><\/p>\n<p>De acordo com o banco, o programa vai conceder financiamentos com destina\u00e7\u00e3o livre, sem rela\u00e7\u00e3o com projetos de investimento, para empresas que se comprometerem a melhorar os indicadores de sustentabilidade. \u201cAquelas que cumprirem as contrapartidas m\u00ednimas e atingirem as metas estipuladas pelo programa\u00a0ter\u00e3o redu\u00e7\u00e3o na taxa de juros\u201d, informou a institui\u00e7\u00e3o.<\/p>\n<p>O programa BNDES Cr\u00e9dito ASG se destina\u00a0a empresas da cadeia de\u00a0madeira voltada para reflorestamento, fabricantes de equipamentos para a cadeia de energia renov\u00e1vel e de efici\u00eancia energ\u00e9tica, minera\u00e7\u00e3o, siderurgia, setores com potencial de melhorias em termos ambientais.<\/p>\n<p>Do lado social, o setor escolhido foi o de provedores de internet de pequeno porte, que s\u00e3o vinculados diretamente \u00e0 agenda\u00a0ambiental, social e de governan\u00e7a. O aumento da oferta de conectividade \u00e9 uma das metas do Plano Trienal\u00a02020 &#8211; 2022 da institui\u00e7\u00e3o. A expectativa do banco \u00e9 que, posteriormente, o programa seja estendido para outros setores.<\/p>\n<p>O programa\u00a0tem or\u00e7amento de R$ 1 bilh\u00e3o, o que permitir\u00e1 conceder empr\u00e9stimos de at\u00e9 R$ 150 milh\u00f5es por grupo econ\u00f4mico. As empresas interessadas dever\u00e3o dar entrada nos seus pedidos diretamente no BNDES at\u00e9\u00a031 de dezembro\u00a0de 2023. O prazo total de pagamento ser\u00e1 de at\u00e9 96 meses, inclu\u00edda car\u00eancia de at\u00e9 24 meses.<\/p>\n<p><strong>Brasil mais sustent\u00e1vel<\/strong><\/p>\n<p>O diretor de Cr\u00e9dito Produtivo e Socioambiental do BNDES, Bruno Aranha, disse que a\u00a0solu\u00e7\u00e3o inovadora de\u00a0<em>linked loan<\/em>\u00a0(cr\u00e9dito com incentivos para boa performance socioambiental) representa mais um importante passo, pois apoia e estimula as empresas a adotarem as melhores pr\u00e1ticas\u00a0e a repensarem seus modelos de neg\u00f3cio em prol da economia de baixo carbono e inclusiva\u201d. J\u00e1 o diretor de Cr\u00e9dito a Infraestrutura do Banco, Petr\u00f4nio Can\u00e7ado, ressaltou\u00a0que a meta \u00e9 ajustar as empresas ao desejo da sociedade de\u00a0ter\u00a0\u201cum Brasil mais sustent\u00e1vel\u201d.<\/p>\n<p>Para\u00a0ter\u00a0direito \u00e0 redu\u00e7\u00e3o da taxa de juros, as empresas dever\u00e3o cumprir algumas obriga\u00e7\u00f5es m\u00ednimas, entre as quais a publica\u00e7\u00e3o anual de uma pol\u00edtica de responsabilidade socioambiental; a incorpora\u00e7\u00e3o de focos priorit\u00e1rios de atua\u00e7\u00e3o em educa\u00e7\u00e3o e diversidade na Pol\u00edtica de Investimento Social da empresa, como parte da estrat\u00e9gia para combater o preconceito e a discrimina\u00e7\u00e3o de ra\u00e7a, LGBTQIA+, etnias, g\u00eanero e defici\u00eancias; e a publica\u00e7\u00e3o anual de Relat\u00f3rio de Sustentabilidade no modelo\u00a0<em>global reporting initiative\u00a0<\/em>ou similar.<\/p>\n<p>A empresa dever\u00e1 ainda cumprir duas metas\u00a0que ser\u00e3o escolhidas a partir de cinco indicadores predefinidos: a obten\u00e7\u00e3o de uma certifica\u00e7\u00e3o ambiental; a obten\u00e7\u00e3o de uma certifica\u00e7\u00e3o social; a realiza\u00e7\u00e3o de invent\u00e1rio de redu\u00e7\u00e3o da emiss\u00e3o de gases de efeito estufa ou de captura de carbono; a amplia\u00e7\u00e3o de, no m\u00ednimo, 10% no n\u00famero de fornecedores oriundos das regi\u00f5es\u00a0Norte e do Nordeste, que concentram os munic\u00edpios de menor desenvolvimento social no pa\u00eds; e a amplia\u00e7\u00e3o da base de clientes dos servi\u00e7os de banda larga, considerando metas preestabelecidas, no caso dos provedores de internet de pequeno porte.<\/p>\n<p><strong>Parceria<\/strong><\/p>\n<p>O BNDES informou ainda que os indicadores e contrapartidas do programa resultaram de pesquisa das melhores pr\u00e1ticas nessa \u00e1rea, realizada com apoio do governo brit\u00e2nico, em parceria com a Embaixada do Reino Unido no Brasil.<\/p>\n<p>A diretora do programa de finan\u00e7as verdes do governo brit\u00e2nico no Brasil, Katia Fenyves, afirmou que o novo programa brasileiro vai possibilitar\u00a0que \u201cmais setores encontrem viabilidade para transitar definitivamente para um modelo de baixo carbono\u201d.<\/p>\n<p><span style=\"font-weight: 400;\">Fonte: Ag\u00eancia Brasil <\/span><\/p>\n","protected":false},"excerpt":{"rendered":"<p>Empresas que reduzirem emiss\u00f5es de gases poluentes ou aumentarem iniciativas sociais, mostrando expans\u00e3o de seu desempenho ambiental, social e de governan\u00e7a (ASG),\u00a0ter\u00e3o juros reduzidos nos financiamentos do Banco Nacional de Desenvolvimento Econ\u00f4mico e Social (BNDES). De acordo com o banco, o programa vai conceder financiamentos com destina\u00e7\u00e3o livre, sem rela\u00e7\u00e3o com projetos de investimento, para [&hellip;]<\/p>\n","protected":false},"author":246,"featured_media":186734,"comment_status":"closed","ping_status":"closed","sticky":false,"template":"","format":"standard","meta":{"footnotes":""},"categories":[436,261,439],"tags":[],"class_list":["post-186733","post","type-post","status-publish","format-standard","has-post-thumbnail","hentry","category-destaque-da-semana","category-economia","category-ultima-hora"],"_links":{"self":[{"href":"https:\/\/diarioregionaldigital.com.br\/index.php?rest_route=\/wp\/v2\/posts\/186733","targetHints":{"allow":["GET"]}}],"collection":[{"href":"https:\/\/diarioregionaldigital.com.br\/index.php?rest_route=\/wp\/v2\/posts"}],"about":[{"href":"https:\/\/diarioregionaldigital.com.br\/index.php?rest_route=\/wp\/v2\/types\/post"}],"author":[{"embeddable":true,"href":"https:\/\/diarioregionaldigital.com.br\/index.php?rest_route=\/wp\/v2\/users\/246"}],"replies":[{"embeddable":true,"href":"https:\/\/diarioregionaldigital.com.br\/index.php?rest_route=%2Fwp%2Fv2%2Fcomments&post=186733"}],"version-history":[{"count":2,"href":"https:\/\/diarioregionaldigital.com.br\/index.php?rest_route=\/wp\/v2\/posts\/186733\/revisions"}],"predecessor-version":[{"id":186736,"href":"https:\/\/diarioregionaldigital.com.br\/index.php?rest_route=\/wp\/v2\/posts\/186733\/revisions\/186736"}],"wp:featuredmedia":[{"embeddable":true,"href":"https:\/\/diarioregionaldigital.com.br\/index.php?rest_route=\/wp\/v2\/media\/186734"}],"wp:attachment":[{"href":"https:\/\/diarioregionaldigital.com.br\/index.php?rest_route=%2Fwp%2Fv2%2Fmedia&parent=186733"}],"wp:term":[{"taxonomy":"category","embeddable":true,"href":"https:\/\/diarioregionaldigital.com.br\/index.php?rest_route=%2Fwp%2Fv2%2Fcategories&post=186733"},{"taxonomy":"post_tag","embeddable":true,"href":"https:\/\/diarioregionaldigital.com.br\/index.php?rest_route=%2Fwp%2Fv2%2Ftags&post=186733"}],"curies":[{"name":"wp","href":"https:\/\/api.w.org\/{rel}","templated":true}]}}