{"id":186730,"date":"2021-08-11T16:06:15","date_gmt":"2021-08-11T19:06:15","guid":{"rendered":"https:\/\/diarioregionaldigital.com.br\/?p=186730"},"modified":"2021-08-11T16:06:15","modified_gmt":"2021-08-11T19:06:15","slug":"confianca-do-agronegocio-tem-alta-no-segundo-trimestre","status":"publish","type":"post","link":"https:\/\/diarioregionaldigital.com.br\/?p=186730","title":{"rendered":"Confian\u00e7a do agroneg\u00f3cio tem alta no segundo trimestre"},"content":{"rendered":"<p>O \u00edndice de confian\u00e7a do agroneg\u00f3cio, divulgado pela Federa\u00e7\u00e3o das Ind\u00fastrias do Estado de S\u00e3o Paulo (Fiesp), registrou alta no segundo trimestre do ano. O indicador marcou 119,9 pontos no per\u00edodo, o que representa alta de 2,4 pontos em rela\u00e7\u00e3o aos tr\u00eas primeiros meses do ano. Pela metodologia do \u00edndice, pontua\u00e7\u00f5es acima de 100 s\u00e3o consideradas como um cen\u00e1rio de otimismo entre os empres\u00e1rios da cadeia agropecu\u00e1ria.<img decoding=\"async\" src=\"https:\/\/agenciabrasil.ebc.com.br\/ebc.png?id=1418124&amp;o=node\" \/><img decoding=\"async\" src=\"https:\/\/agenciabrasil.ebc.com.br\/ebc.gif?id=1418124&amp;o=node\" \/><\/p>\n<p>Segundo o diretor do Departamento do Agroneg\u00f3cio da Fiesp, Roberto Betancourt, a confian\u00e7a acompanha os sinais de retomada da economia, abatida pela crise gerada pela pandemia de covid-19. \u201cO recuo da taxa de c\u00e2mbio no trimestre tamb\u00e9m melhorou a situa\u00e7\u00e3o das empresas com custos em d\u00f3lar, como \u00e9 o caso de diversos segmentos de insumos agropecu\u00e1rios\u201d, destaca.<\/p>\n<p><strong>Segmentos<\/strong><\/p>\n<p>A ind\u00fastria de insumos teve a maior alta de confian\u00e7a (9,2 pontos), marcando 117,1 pontos no segundo trimestre de 2021. Segundo a an\u00e1lise do indicador, as vendas antecipadas para a safra 2021\/22 ajudaram a melhorar a confian\u00e7a dos empres\u00e1rios. Al\u00e9m disso, os fertilizantes e defensivos agr\u00edcolas registram alta nos pre\u00e7os.<\/p>\n<p>Apesar de manterem um patamar maior de confian\u00e7a (121,4 pontos), os produtores agr\u00edcolas registraram queda de 6,5 pontos no \u00edndice do segundo trimestre. Entre os fatores relacionados \u00e0 diminui\u00e7\u00e3o do otimismo est\u00e1 a estiagem que, de mar\u00e7o a maio, prejudicou as lavouras de milho. Os pre\u00e7os dos gr\u00e3os, que estavam em um patamar elevado, registraram queda e as recentes altas na taxa b\u00e1sica de juros influenciaram o custo dos financiamentos.<\/p>\n<p><span style=\"font-weight: 400;\">Fonte: Ag\u00eancia Brasil <\/span><\/p>\n","protected":false},"excerpt":{"rendered":"<p>O \u00edndice de confian\u00e7a do agroneg\u00f3cio, divulgado pela Federa\u00e7\u00e3o das Ind\u00fastrias do Estado de S\u00e3o Paulo (Fiesp), registrou alta no segundo trimestre do ano. O indicador marcou 119,9 pontos no per\u00edodo, o que representa alta de 2,4 pontos em rela\u00e7\u00e3o aos tr\u00eas primeiros meses do ano. Pela metodologia do \u00edndice, pontua\u00e7\u00f5es acima de 100 s\u00e3o [&hellip;]<\/p>\n","protected":false},"author":246,"featured_media":186731,"comment_status":"closed","ping_status":"closed","sticky":false,"template":"","format":"standard","meta":{"footnotes":""},"categories":[440,261,439],"tags":[],"class_list":["post-186730","post","type-post","status-publish","format-standard","has-post-thumbnail","hentry","category-destaques-do-dia","category-economia","category-ultima-hora"],"_links":{"self":[{"href":"https:\/\/diarioregionaldigital.com.br\/index.php?rest_route=\/wp\/v2\/posts\/186730","targetHints":{"allow":["GET"]}}],"collection":[{"href":"https:\/\/diarioregionaldigital.com.br\/index.php?rest_route=\/wp\/v2\/posts"}],"about":[{"href":"https:\/\/diarioregionaldigital.com.br\/index.php?rest_route=\/wp\/v2\/types\/post"}],"author":[{"embeddable":true,"href":"https:\/\/diarioregionaldigital.com.br\/index.php?rest_route=\/wp\/v2\/users\/246"}],"replies":[{"embeddable":true,"href":"https:\/\/diarioregionaldigital.com.br\/index.php?rest_route=%2Fwp%2Fv2%2Fcomments&post=186730"}],"version-history":[{"count":1,"href":"https:\/\/diarioregionaldigital.com.br\/index.php?rest_route=\/wp\/v2\/posts\/186730\/revisions"}],"predecessor-version":[{"id":186732,"href":"https:\/\/diarioregionaldigital.com.br\/index.php?rest_route=\/wp\/v2\/posts\/186730\/revisions\/186732"}],"wp:featuredmedia":[{"embeddable":true,"href":"https:\/\/diarioregionaldigital.com.br\/index.php?rest_route=\/wp\/v2\/media\/186731"}],"wp:attachment":[{"href":"https:\/\/diarioregionaldigital.com.br\/index.php?rest_route=%2Fwp%2Fv2%2Fmedia&parent=186730"}],"wp:term":[{"taxonomy":"category","embeddable":true,"href":"https:\/\/diarioregionaldigital.com.br\/index.php?rest_route=%2Fwp%2Fv2%2Fcategories&post=186730"},{"taxonomy":"post_tag","embeddable":true,"href":"https:\/\/diarioregionaldigital.com.br\/index.php?rest_route=%2Fwp%2Fv2%2Ftags&post=186730"}],"curies":[{"name":"wp","href":"https:\/\/api.w.org\/{rel}","templated":true}]}}