{"id":186726,"date":"2021-08-11T11:34:10","date_gmt":"2021-08-11T14:34:10","guid":{"rendered":"https:\/\/diarioregionaldigital.com.br\/?p=186726"},"modified":"2021-08-11T11:34:10","modified_gmt":"2021-08-11T14:34:10","slug":"policia-militar-prende-cinco-autores-por-trafico-de-drogas-no-bairro-santa-efigenia","status":"publish","type":"post","link":"https:\/\/diarioregionaldigital.com.br\/?p=186726","title":{"rendered":"Pol\u00edcia Militar prende cinco autores por tr\u00e1fico de drogas no bairro Santa Efig\u00eania"},"content":{"rendered":"<p>Na tarde de ter\u00e7a-feira, 10ago21 por volta 16h04min, durante desencadeamento de Opera\u00e7\u00e3o Batida Policial, a Pol\u00edcia Militar se deslocou at\u00e9 a Rua Cl\u00f3vis Jaguaribe dos Santos no bairro Santa Efig\u00eania, para verifica\u00e7\u00e3o de den\u00fancias referente ao tr\u00e1fico de drogas nas media\u00e7\u00f5es de um escad\u00e3o e um terreno baldio. No local, o fato foi confirmado, cinco suspeitos ao perceberem a presen\u00e7a policial tentaram empreender fuga por\u00e9m foram abordados. Realizada a varredura com apoio do c\u00e3o policial, foram localizados e apreendidos ao todo: 08 pedras de crack, 26 papelotes de coca\u00edna, 02 tabletes de maconha, R$ 378,55 em dinheiro, 01 pedra de crack grande, 02 buchas de maconha e 01 balan\u00e7a de precis\u00e3o. Todos os autores (19, 21, 25, 26, 26 anos de idade) foram presos e conduzidos \u00e0 Delegacia juntamente com os materiais.<\/p>\n","protected":false},"excerpt":{"rendered":"<p>Na tarde de ter\u00e7a-feira, 10ago21 por volta 16h04min, durante desencadeamento de Opera\u00e7\u00e3o Batida Policial, a Pol\u00edcia Militar se deslocou at\u00e9 a Rua Cl\u00f3vis Jaguaribe dos Santos no bairro Santa Efig\u00eania, para verifica\u00e7\u00e3o de den\u00fancias referente ao tr\u00e1fico de drogas nas media\u00e7\u00f5es de um escad\u00e3o e um terreno baldio. No local, o fato foi confirmado, cinco [&hellip;]<\/p>\n","protected":false},"author":246,"featured_media":186727,"comment_status":"closed","ping_status":"closed","sticky":false,"template":"","format":"standard","meta":{"footnotes":""},"categories":[301,1229],"tags":[],"class_list":["post-186726","post","type-post","status-publish","format-standard","has-post-thumbnail","hentry","category-artigos-policiais","category-policial"],"_links":{"self":[{"href":"https:\/\/diarioregionaldigital.com.br\/index.php?rest_route=\/wp\/v2\/posts\/186726","targetHints":{"allow":["GET"]}}],"collection":[{"href":"https:\/\/diarioregionaldigital.com.br\/index.php?rest_route=\/wp\/v2\/posts"}],"about":[{"href":"https:\/\/diarioregionaldigital.com.br\/index.php?rest_route=\/wp\/v2\/types\/post"}],"author":[{"embeddable":true,"href":"https:\/\/diarioregionaldigital.com.br\/index.php?rest_route=\/wp\/v2\/users\/246"}],"replies":[{"embeddable":true,"href":"https:\/\/diarioregionaldigital.com.br\/index.php?rest_route=%2Fwp%2Fv2%2Fcomments&post=186726"}],"version-history":[{"count":1,"href":"https:\/\/diarioregionaldigital.com.br\/index.php?rest_route=\/wp\/v2\/posts\/186726\/revisions"}],"predecessor-version":[{"id":186728,"href":"https:\/\/diarioregionaldigital.com.br\/index.php?rest_route=\/wp\/v2\/posts\/186726\/revisions\/186728"}],"wp:featuredmedia":[{"embeddable":true,"href":"https:\/\/diarioregionaldigital.com.br\/index.php?rest_route=\/wp\/v2\/media\/186727"}],"wp:attachment":[{"href":"https:\/\/diarioregionaldigital.com.br\/index.php?rest_route=%2Fwp%2Fv2%2Fmedia&parent=186726"}],"wp:term":[{"taxonomy":"category","embeddable":true,"href":"https:\/\/diarioregionaldigital.com.br\/index.php?rest_route=%2Fwp%2Fv2%2Fcategories&post=186726"},{"taxonomy":"post_tag","embeddable":true,"href":"https:\/\/diarioregionaldigital.com.br\/index.php?rest_route=%2Fwp%2Fv2%2Ftags&post=186726"}],"curies":[{"name":"wp","href":"https:\/\/api.w.org\/{rel}","templated":true}]}}