{"id":186723,"date":"2021-08-11T11:30:05","date_gmt":"2021-08-11T14:30:05","guid":{"rendered":"https:\/\/diarioregionaldigital.com.br\/?p=186723"},"modified":"2021-08-11T11:30:05","modified_gmt":"2021-08-11T14:30:05","slug":"minas-gerais-ultrapassa-a-marca-de-51-mil-obitos-por-covid-19-desde-o-inicio-da-pandemia","status":"publish","type":"post","link":"https:\/\/diarioregionaldigital.com.br\/?p=186723","title":{"rendered":"Minas Gerais ultrapassa a marca de 51 mil \u00f3bitos por Covid-19 desde o in\u00edcio da pandemia"},"content":{"rendered":"<p>A Secretaria de Estado da Sa\u00fade de Minas Gerais (SES-MG), publicou nesta quarta-feira (11), o novo boletim referente ao Coronav\u00edrus. O levantamento aponta que o estado notificou mais 4.654 novos casos da doen\u00e7a, totalizando 2.007.665 pessoas infectadas. Os dados indicam que foram registradas mais 140 mortes, contabilizando 51.502 \u00f3bitos.<\/p>\n<p>Al\u00e9m disso, 1.906.858 pacientes est\u00e3o recuperados da doen\u00e7a, representando 93% dos casos. Quanto aos dados de hospitaliza\u00e7\u00e3o, 177.885 estiveram internados e 1.829.780 j\u00e1 fizeram isolamento domiciliar. At\u00e9 o momento, 10.905.052 pessoas receberam a primeira dose da vacina, 4.257.183 pessoas receberam a segunda dose e 461.863 receberam a dose \u00fanica da vacina.<\/p>\n","protected":false},"excerpt":{"rendered":"<p>A Secretaria de Estado da Sa\u00fade de Minas Gerais (SES-MG), publicou nesta quarta-feira (11), o novo boletim referente ao Coronav\u00edrus. O levantamento aponta que o estado notificou mais 4.654 novos casos da doen\u00e7a, totalizando 2.007.665 pessoas infectadas. Os dados indicam que foram registradas mais 140 mortes, contabilizando 51.502 \u00f3bitos. Al\u00e9m disso, 1.906.858 pacientes est\u00e3o recuperados [&hellip;]<\/p>\n","protected":false},"author":246,"featured_media":186724,"comment_status":"closed","ping_status":"closed","sticky":false,"template":"","format":"standard","meta":{"footnotes":""},"categories":[252,439],"tags":[],"class_list":["post-186723","post","type-post","status-publish","format-standard","has-post-thumbnail","hentry","category-regiao","category-ultima-hora"],"_links":{"self":[{"href":"https:\/\/diarioregionaldigital.com.br\/index.php?rest_route=\/wp\/v2\/posts\/186723","targetHints":{"allow":["GET"]}}],"collection":[{"href":"https:\/\/diarioregionaldigital.com.br\/index.php?rest_route=\/wp\/v2\/posts"}],"about":[{"href":"https:\/\/diarioregionaldigital.com.br\/index.php?rest_route=\/wp\/v2\/types\/post"}],"author":[{"embeddable":true,"href":"https:\/\/diarioregionaldigital.com.br\/index.php?rest_route=\/wp\/v2\/users\/246"}],"replies":[{"embeddable":true,"href":"https:\/\/diarioregionaldigital.com.br\/index.php?rest_route=%2Fwp%2Fv2%2Fcomments&post=186723"}],"version-history":[{"count":1,"href":"https:\/\/diarioregionaldigital.com.br\/index.php?rest_route=\/wp\/v2\/posts\/186723\/revisions"}],"predecessor-version":[{"id":186725,"href":"https:\/\/diarioregionaldigital.com.br\/index.php?rest_route=\/wp\/v2\/posts\/186723\/revisions\/186725"}],"wp:featuredmedia":[{"embeddable":true,"href":"https:\/\/diarioregionaldigital.com.br\/index.php?rest_route=\/wp\/v2\/media\/186724"}],"wp:attachment":[{"href":"https:\/\/diarioregionaldigital.com.br\/index.php?rest_route=%2Fwp%2Fv2%2Fmedia&parent=186723"}],"wp:term":[{"taxonomy":"category","embeddable":true,"href":"https:\/\/diarioregionaldigital.com.br\/index.php?rest_route=%2Fwp%2Fv2%2Fcategories&post=186723"},{"taxonomy":"post_tag","embeddable":true,"href":"https:\/\/diarioregionaldigital.com.br\/index.php?rest_route=%2Fwp%2Fv2%2Ftags&post=186723"}],"curies":[{"name":"wp","href":"https:\/\/api.w.org\/{rel}","templated":true}]}}