{"id":186713,"date":"2021-08-10T18:47:06","date_gmt":"2021-08-10T21:47:06","guid":{"rendered":"https:\/\/diarioregionaldigital.com.br\/?p=186713"},"modified":"2021-08-10T18:47:06","modified_gmt":"2021-08-10T21:47:06","slug":"operacao-boniteza-atua-nos-bairros-borboleta-poco-rico-e-santa-lucia","status":"publish","type":"post","link":"https:\/\/diarioregionaldigital.com.br\/?p=186713","title":{"rendered":"Opera\u00e7\u00e3o Boniteza atua nos bairros Borboleta, Po\u00e7o Rico e Santa L\u00facia"},"content":{"rendered":"<div id=\"box_texto_noticia\">Dando seguimento ao cronograma semanal de a\u00e7\u00f5es, em conson\u00e2ncia com a Opera\u00e7\u00e3o Boniteza da Prefeitura de Juiz de Fora (PJF), nesta ter\u00e7a-feira 10, servidores do Departamento de Parques e Jardins da Empresa Municipal de Pavimenta\u00e7\u00e3o e Urbaniza\u00e7\u00e3o (Empav), atuam no choque de zeladorias das pra\u00e7as e vias do bairros Borboleta, Po\u00e7o Rico e Santa L\u00facia. Desde essa segunda, 9, equipes finalizaram os servi\u00e7os de manuten\u00e7\u00e3o e coleta de res\u00edduos s\u00f3lidos na Escola Municipal Cosette de Alencar, bairro Santa Catarina; Escola Municipal Afonso Maria de Paiva, bairro Santa Cruz e Escola Municipal Professora Theresa Falci, localizada no bairro Santa L\u00facia, zona norte do munic\u00edpio. Nesta ter\u00e7a-feira, as equipes conclu\u00edram tamb\u00e9m as atividades na Escola Municipal Tia Glorinha, no bairro J\u00f3quei Clube, e continuam a intervir em outras \u00e1reas de Juiz de Fora.<\/p>\n<p>Segundo informa\u00e7\u00f5es do site da Prefeitura de Juiz de Fora, as a\u00e7\u00f5es de manuten\u00e7\u00e3o e coleta de res\u00edduos s\u00f3lidos ocorrem tamb\u00e9m na Escola Municipal Elp\u00eddio Corr\u00eaa Farias, no Borboleta, na qual ser\u00e1 realizada tamb\u00e9m as a\u00e7\u00f5es de poda e levantamento das copas de \u00e1rvores; na Escola Municipal Helena de Almeida Fernandes, no bairro Graja\u00fa; na pra\u00e7a do bairro Santos Dumont e nos canteiros centrais do bairro Po\u00e7o Rico. Al\u00e9m disso, os servi\u00e7os de poda e levantamento das copas de \u00e1rvores acontecem tamb\u00e9m na Estrada Joaquim Vicente Guedes n\u00ba 1.700, no bairro Graminha e Avenida Brasil, no bairro Po\u00e7o Rico.<\/p>\n<p>Para solicitar estes e outros servi\u00e7os, entre em contato com o Gabinete de A\u00e7\u00e3o e Di\u00e1logo Comunit\u00e1rio, que recebe e organiza pedidos relativos a interven\u00e7\u00f5es e melhorias urbanas. O contato pode ser feito atrav\u00e9s de liga\u00e7\u00e3o telef\u00f4nica pelo n\u00famero (32) 3690-7241 ou via WhatsApp, utilizando o mesmo n\u00famero.<\/p><\/div>\n<p>&nbsp;<\/p>\n<div id=\"box_compartilhar\" align=\"right\"><\/div>\n","protected":false},"excerpt":{"rendered":"<p>Dando seguimento ao cronograma semanal de a\u00e7\u00f5es, em conson\u00e2ncia com a Opera\u00e7\u00e3o Boniteza da Prefeitura de Juiz de Fora (PJF), nesta ter\u00e7a-feira 10, servidores do Departamento de Parques e Jardins da Empresa Municipal de Pavimenta\u00e7\u00e3o e Urbaniza\u00e7\u00e3o (Empav), atuam no choque de zeladorias das pra\u00e7as e vias do bairros Borboleta, Po\u00e7o Rico e Santa L\u00facia. [&hellip;]<\/p>\n","protected":false},"author":246,"featured_media":186714,"comment_status":"closed","ping_status":"closed","sticky":false,"template":"","format":"standard","meta":{"footnotes":""},"categories":[253,436,439],"tags":[],"class_list":["post-186713","post","type-post","status-publish","format-standard","has-post-thumbnail","hentry","category-cidade","category-destaque-da-semana","category-ultima-hora"],"_links":{"self":[{"href":"https:\/\/diarioregionaldigital.com.br\/index.php?rest_route=\/wp\/v2\/posts\/186713","targetHints":{"allow":["GET"]}}],"collection":[{"href":"https:\/\/diarioregionaldigital.com.br\/index.php?rest_route=\/wp\/v2\/posts"}],"about":[{"href":"https:\/\/diarioregionaldigital.com.br\/index.php?rest_route=\/wp\/v2\/types\/post"}],"author":[{"embeddable":true,"href":"https:\/\/diarioregionaldigital.com.br\/index.php?rest_route=\/wp\/v2\/users\/246"}],"replies":[{"embeddable":true,"href":"https:\/\/diarioregionaldigital.com.br\/index.php?rest_route=%2Fwp%2Fv2%2Fcomments&post=186713"}],"version-history":[{"count":2,"href":"https:\/\/diarioregionaldigital.com.br\/index.php?rest_route=\/wp\/v2\/posts\/186713\/revisions"}],"predecessor-version":[{"id":186716,"href":"https:\/\/diarioregionaldigital.com.br\/index.php?rest_route=\/wp\/v2\/posts\/186713\/revisions\/186716"}],"wp:featuredmedia":[{"embeddable":true,"href":"https:\/\/diarioregionaldigital.com.br\/index.php?rest_route=\/wp\/v2\/media\/186714"}],"wp:attachment":[{"href":"https:\/\/diarioregionaldigital.com.br\/index.php?rest_route=%2Fwp%2Fv2%2Fmedia&parent=186713"}],"wp:term":[{"taxonomy":"category","embeddable":true,"href":"https:\/\/diarioregionaldigital.com.br\/index.php?rest_route=%2Fwp%2Fv2%2Fcategories&post=186713"},{"taxonomy":"post_tag","embeddable":true,"href":"https:\/\/diarioregionaldigital.com.br\/index.php?rest_route=%2Fwp%2Fv2%2Ftags&post=186713"}],"curies":[{"name":"wp","href":"https:\/\/api.w.org\/{rel}","templated":true}]}}