{"id":186707,"date":"2021-08-10T18:43:14","date_gmt":"2021-08-10T21:43:14","guid":{"rendered":"https:\/\/diarioregionaldigital.com.br\/?p=186707"},"modified":"2021-08-10T18:43:14","modified_gmt":"2021-08-10T21:43:14","slug":"agosto-multicor-propoe-reflexoes-e-politicas-voltadas-para-o-publico-lgbtqia","status":"publish","type":"post","link":"https:\/\/diarioregionaldigital.com.br\/?p=186707","title":{"rendered":"Agosto Multicor prop\u00f5e reflex\u00f5es e pol\u00edticas voltadas para o p\u00fablico LGBTQIA+"},"content":{"rendered":"<div id=\"box_texto_noticia\">O secret\u00e1rio de Turismo (Setur) da Prefeitura de Juiz de Fora (PJF), em parceria com a Secretaria Especial de Direitos Humanos (SEDH), a Secretaria de Comunica\u00e7\u00e3o (Secom) e a Funda\u00e7\u00e3o Cultural Alfredo Ferreira Lage (Funalfa) anunciou, na manh\u00e3 desta ter\u00e7a-feira, dia 10, o evento \u201cAgosto Multicor\u201d, que segue at\u00e9 o dia 30 de agosto. O objetivo \u00e9 democratizar o acesso \u00e0 produ\u00e7\u00e3o educativa e cultural LGBTQIA+ local.<\/p>\n<p>Segundo informa\u00e7\u00f5es do site da Prefeitura de Juiz de Fora, a proposta \u00e9 oferecer um espa\u00e7o para a divulga\u00e7\u00e3o e exibi\u00e7\u00e3o de projetos variados, produzidos por grupos selecionados atrav\u00e9s de editais p\u00fablicos, al\u00e9m da participa\u00e7\u00e3o de convidades especiais. Realizado de forma gratuita, a inten\u00e7\u00e3o \u00e9 que o evento seja anual, como forma de sensibilizar a sociedade civil e acrescentar elementos e novas possibilidades de reflex\u00e3o e transforma\u00e7\u00e3o social atrav\u00e9s da arte, cultura e educa\u00e7\u00e3o.<\/p>\n<p>De acordo com o secret\u00e1rio de Turismo, Marcelo do Carmo, \u201co Agosto Multicor, muito mais do que uma s\u00e9rie de eventos, \u00e9 a continua\u00e7\u00e3o de uma pol\u00edtica p\u00fablica de representatividade, visibilidade, acesso a direitos e \u00e0 cidadania plena. \u00c9 muito mais do que uma festa, pois estamos fazendo um festival de arte, cultura e educa\u00e7\u00e3o relacionado \u00e0s quest\u00f5es LGBTQIA+.&#8221;<\/p>\n<p>Marcelo do Carmo destacou o car\u00e1ter plural e diverso caracter\u00edstico da atual gest\u00e3o municipal, que direciona o conceito do evento. \u201cQualquer a\u00e7\u00e3o neste sentido \u00e9 norteada no nosso governo por alguns princ\u00edpios. Primeiro: tudo para todes; segundo: trabalhamos para dar acesso aos direitos \u00e0s minorias sociais; terceiro: acesso \u00e0 cidadania plena, num brasil t\u00e3o violento com a comunidade, cuja viol\u00eancia ficou ainda mais exposta nesse momento de pandemia, \u00e9 fundamental que a gente lute pelo acesso pleno \u00e0 cidadania. Essa \u00e9 uma quest\u00e3o humanit\u00e1ria, estamos falando da diversidade, do respeito \u00e0s diferen\u00e7as.\u201d<\/p>\n<p>A programa\u00e7\u00e3o conta com webn\u00e1rios, cursos profissionalizantes, exibi\u00e7\u00f5es de filmes e participa\u00e7\u00f5es de artistas LGBTQIA+ de diferentes localidades. Um dos destaques deste ano fica por conta da realiza\u00e7\u00e3o da Rainbow Fest, no dia 20, do Miss Gay Brasil, no dia 21, e da Parada Gay, que ser\u00e1 realizada de forma virtual no dia 22.<\/p>\n<p>A diretora geral da Funalfa, Giane Elisa, avaliou o evento como oportunidade de abrir ao di\u00e1logo a pauta da diversidade. \u201cQue possamos celebrar a diversidade, mas que tamb\u00e9m possamos problematizar a diversidade. Do jeito que d\u00e1, nas condi\u00e7\u00f5es sanit\u00e1rias, a gente traz essa quest\u00e3o da festa, da comemora\u00e7\u00e3o e da alegria, mas tamb\u00e9m politizar a festa, a comemora\u00e7\u00e3o e a alegria, no sentido de questionar sobre por qu\u00ea ainda precisamos dar destaques \u00e0 comunidade. Isso tem a ver com a enorme distor\u00e7\u00e3o que ainda temos no acesso aos direitos dessa popula\u00e7\u00e3o. \u00c9 nosso compromisso proporcionar acesso ao direito ao p\u00fablico LGBTQIA+ e, nesse sentido, a gente tem o compromisso de criar refer\u00eancias para uma pol\u00edtica p\u00fablica robusta para esta popula\u00e7\u00e3o\u201d.<\/p>\n<p><b>Confira a programa\u00e7\u00e3o em anexo.<\/b><\/p>\n<\/div>\n<div class=\"texto_anexo\"><img loading=\"lazy\" decoding=\"async\" src=\"https:\/\/www.pjf.mg.gov.br\/imagens\/clips.jpg\" width=\"22\" height=\"20\" \/>\u00a0<a href=\"https:\/\/www.pjf.mg.gov.br\/noticias\/anexo\/AGOSTO_MULTICOR.pdf\" target=\"_blank\" rel=\"noopener\">Veja o anexo<\/a><\/div>\n","protected":false},"excerpt":{"rendered":"<p>O secret\u00e1rio de Turismo (Setur) da Prefeitura de Juiz de Fora (PJF), em parceria com a Secretaria Especial de Direitos Humanos (SEDH), a Secretaria de Comunica\u00e7\u00e3o (Secom) e a Funda\u00e7\u00e3o Cultural Alfredo Ferreira Lage (Funalfa) anunciou, na manh\u00e3 desta ter\u00e7a-feira, dia 10, o evento \u201cAgosto Multicor\u201d, que segue at\u00e9 o dia 30 de agosto. O [&hellip;]<\/p>\n","protected":false},"author":246,"featured_media":186708,"comment_status":"closed","ping_status":"closed","sticky":false,"template":"","format":"standard","meta":{"footnotes":""},"categories":[253,436,439],"tags":[],"class_list":["post-186707","post","type-post","status-publish","format-standard","has-post-thumbnail","hentry","category-cidade","category-destaque-da-semana","category-ultima-hora"],"_links":{"self":[{"href":"https:\/\/diarioregionaldigital.com.br\/index.php?rest_route=\/wp\/v2\/posts\/186707","targetHints":{"allow":["GET"]}}],"collection":[{"href":"https:\/\/diarioregionaldigital.com.br\/index.php?rest_route=\/wp\/v2\/posts"}],"about":[{"href":"https:\/\/diarioregionaldigital.com.br\/index.php?rest_route=\/wp\/v2\/types\/post"}],"author":[{"embeddable":true,"href":"https:\/\/diarioregionaldigital.com.br\/index.php?rest_route=\/wp\/v2\/users\/246"}],"replies":[{"embeddable":true,"href":"https:\/\/diarioregionaldigital.com.br\/index.php?rest_route=%2Fwp%2Fv2%2Fcomments&post=186707"}],"version-history":[{"count":1,"href":"https:\/\/diarioregionaldigital.com.br\/index.php?rest_route=\/wp\/v2\/posts\/186707\/revisions"}],"predecessor-version":[{"id":186709,"href":"https:\/\/diarioregionaldigital.com.br\/index.php?rest_route=\/wp\/v2\/posts\/186707\/revisions\/186709"}],"wp:featuredmedia":[{"embeddable":true,"href":"https:\/\/diarioregionaldigital.com.br\/index.php?rest_route=\/wp\/v2\/media\/186708"}],"wp:attachment":[{"href":"https:\/\/diarioregionaldigital.com.br\/index.php?rest_route=%2Fwp%2Fv2%2Fmedia&parent=186707"}],"wp:term":[{"taxonomy":"category","embeddable":true,"href":"https:\/\/diarioregionaldigital.com.br\/index.php?rest_route=%2Fwp%2Fv2%2Fcategories&post=186707"},{"taxonomy":"post_tag","embeddable":true,"href":"https:\/\/diarioregionaldigital.com.br\/index.php?rest_route=%2Fwp%2Fv2%2Ftags&post=186707"}],"curies":[{"name":"wp","href":"https:\/\/api.w.org\/{rel}","templated":true}]}}