{"id":186704,"date":"2021-08-10T18:39:59","date_gmt":"2021-08-10T21:39:59","guid":{"rendered":"https:\/\/diarioregionaldigital.com.br\/?p=186704"},"modified":"2021-08-10T18:39:59","modified_gmt":"2021-08-10T21:39:59","slug":"pjf-realiza-abertura-dos-envelopes-das-chamadas-publicas-do-comida-boa","status":"publish","type":"post","link":"https:\/\/diarioregionaldigital.com.br\/?p=186704","title":{"rendered":"PJF realiza abertura dos envelopes das chamadas p\u00fablicas do Comida Boa"},"content":{"rendered":"<p>A Prefeitura de Juiz de Fora (PJF) realizou, na manh\u00e3 desta ter\u00e7a-feira, 10, a abertura dos envelopes de documenta\u00e7\u00e3o e projetos de vendas dos participantes das chamadas p\u00fablicas do Programa Municipal de Compras Institucionais da Agricultura Familiar, o Comida Boa.<\/p>\n<p>Segundo informa\u00e7\u00f5es do site da Prefeitura de Juiz de Fora, de acordo com a Comiss\u00e3o Especial de Licita\u00e7\u00e3o, composta por representantes da Secretaria de Agricultura, Pecu\u00e1ria e Abastecimento (Seapa) e da Subsecretaria de Licita\u00e7\u00f5es e Compras (SSLICOM), nove cooperativas da Agricultura Familiar enviaram propostas referentes \u00e0 chamada p\u00fablica n\u00ba 001\/2021, e 18 agricultores familiares individuais entregaram propostas referentes \u00e0 chamada p\u00fablica n\u00ba 002\/2021.<\/p>\n<p>A sess\u00e3o de abertura dos envelopes foi aberta ao p\u00fablico e contou com a participa\u00e7\u00e3o de agricultores familiares e representantes de cooperativas. A agricultora Lorena Aparecida dos Santos, do Assentamento Denis Gon\u00e7alves, em Goian\u00e1, acompanhou o momento e disse que \u201co programa ser\u00e1 muito importante para o desenvolvimento dos agricultores. Vai ajudar a gente a alcan\u00e7ar um mercado muito maior do que imagin\u00e1vamos\u201d.<\/p>\n<p>O representante da cooperativa do Movimento dos Trabalhadores Rurais Sem Terra (MST), Mauro Oteiro e Silva ressaltou que \u201co Comida Boa \u00e9 um grande passo para seguirmos avan\u00e7ando e para que a popula\u00e7\u00e3o de Juiz de Fora possa comer n\u00e3o s\u00f3 comida, mas sim, alimento saud\u00e1vel e isso s\u00f3 se obt\u00e9m com a agricultura familiar. H\u00e1 um tempo que a gente vem tentando aproxima\u00e7\u00e3o com o munic\u00edpio, e at\u00e9 ent\u00e3o nenhum mandato conseguiu atingir a agricultura familiar como um todo. Por isso, a iniciativa desta gest\u00e3o em criar o programa \u00e9 fundamental para que possamos trazer os produtos da reforma agr\u00e1ria, alimentos org\u00e2nicos e exclusivamente oriundos da agricultura familiar\u201d.<\/p>\n<p><b>Pr\u00f3ximos passos<\/b><\/p>\n<p>Ap\u00f3s a confer\u00eancia dos envelopes, a Comiss\u00e3o Especial de Licita\u00e7\u00e3o das chamadas p\u00fablicas n\u00ba 001\/2021 e n\u00ba 002\/2021, avaliar\u00e1 toda a documenta\u00e7\u00e3o dos participantes e seus respectivos projetos de venda. Em seguida, ser\u00e1 divulgado no Atos de Governo, em at\u00e9 30 dias ap\u00f3s apresenta\u00e7\u00e3o dos documentos, a lista dos credenciados aptos a fornecer para a Prefeitura. A partir disso, a Seapa entrar\u00e1 em contato para assinaturas dos contratos.<\/p>\n<p><b>Inova\u00e7\u00e3o e comida boa na mesa<\/b><\/p>\n<p>Pela primeira vez, a Prefeitura de Juiz de Fora compra diretamente da agricultura familiar. Ser\u00e3o 50 institui\u00e7\u00f5es sociais beneficiadas. O Programa Municipal de Compras Institucionais da Agricultura Familiar, o Comida Boa, foi criado pelo decreto N.\u00ba 14.478 &#8211; de 13 de abril de 2021 e tem o objetivo de promover o acesso \u00e0 alimenta\u00e7\u00e3o de qualidade e incentivar a agricultura familiar de Juiz de Fora e regi\u00e3o.<\/p>\n","protected":false},"excerpt":{"rendered":"<p>A Prefeitura de Juiz de Fora (PJF) realizou, na manh\u00e3 desta ter\u00e7a-feira, 10, a abertura dos envelopes de documenta\u00e7\u00e3o e projetos de vendas dos participantes das chamadas p\u00fablicas do Programa Municipal de Compras Institucionais da Agricultura Familiar, o Comida Boa. Segundo informa\u00e7\u00f5es do site da Prefeitura de Juiz de Fora, de acordo com a Comiss\u00e3o [&hellip;]<\/p>\n","protected":false},"author":246,"featured_media":186705,"comment_status":"closed","ping_status":"closed","sticky":false,"template":"","format":"standard","meta":{"footnotes":""},"categories":[253,440,439],"tags":[],"class_list":["post-186704","post","type-post","status-publish","format-standard","has-post-thumbnail","hentry","category-cidade","category-destaques-do-dia","category-ultima-hora"],"_links":{"self":[{"href":"https:\/\/diarioregionaldigital.com.br\/index.php?rest_route=\/wp\/v2\/posts\/186704","targetHints":{"allow":["GET"]}}],"collection":[{"href":"https:\/\/diarioregionaldigital.com.br\/index.php?rest_route=\/wp\/v2\/posts"}],"about":[{"href":"https:\/\/diarioregionaldigital.com.br\/index.php?rest_route=\/wp\/v2\/types\/post"}],"author":[{"embeddable":true,"href":"https:\/\/diarioregionaldigital.com.br\/index.php?rest_route=\/wp\/v2\/users\/246"}],"replies":[{"embeddable":true,"href":"https:\/\/diarioregionaldigital.com.br\/index.php?rest_route=%2Fwp%2Fv2%2Fcomments&post=186704"}],"version-history":[{"count":1,"href":"https:\/\/diarioregionaldigital.com.br\/index.php?rest_route=\/wp\/v2\/posts\/186704\/revisions"}],"predecessor-version":[{"id":186706,"href":"https:\/\/diarioregionaldigital.com.br\/index.php?rest_route=\/wp\/v2\/posts\/186704\/revisions\/186706"}],"wp:featuredmedia":[{"embeddable":true,"href":"https:\/\/diarioregionaldigital.com.br\/index.php?rest_route=\/wp\/v2\/media\/186705"}],"wp:attachment":[{"href":"https:\/\/diarioregionaldigital.com.br\/index.php?rest_route=%2Fwp%2Fv2%2Fmedia&parent=186704"}],"wp:term":[{"taxonomy":"category","embeddable":true,"href":"https:\/\/diarioregionaldigital.com.br\/index.php?rest_route=%2Fwp%2Fv2%2Fcategories&post=186704"},{"taxonomy":"post_tag","embeddable":true,"href":"https:\/\/diarioregionaldigital.com.br\/index.php?rest_route=%2Fwp%2Fv2%2Ftags&post=186704"}],"curies":[{"name":"wp","href":"https:\/\/api.w.org\/{rel}","templated":true}]}}