{"id":186701,"date":"2021-08-10T18:33:01","date_gmt":"2021-08-10T21:33:01","guid":{"rendered":"https:\/\/diarioregionaldigital.com.br\/?p=186701"},"modified":"2021-08-10T18:33:01","modified_gmt":"2021-08-10T21:33:01","slug":"psg-anuncia-oficialmente-a-contratacao-de-lionel-messi","status":"publish","type":"post","link":"https:\/\/diarioregionaldigital.com.br\/?p=186701","title":{"rendered":"PSG anuncia oficialmente a contrata\u00e7\u00e3o de Lionel Messi"},"content":{"rendered":"<p>O PSG (Fran\u00e7a) anunciou oficialmente a contrata\u00e7\u00e3o de Lionel Messi. Segundo comunicado divulgado pela equipe de Paris no final da tarde desta ter\u00e7a-feira (10), o craque argentino acertou um v\u00ednculo de dois anos, com a op\u00e7\u00e3o de um ano adicional.<\/p>\n<p>\u201cEstou impaciente para come\u00e7ar um novo cap\u00edtulo da minha carreira em Paris\u201d, declarou Messi ap\u00f3s a assinatura do contrato. No time franc\u00eas o argentino usar\u00e1 a camisa 30, n\u00famero que usava no in\u00edcio de sua carreira.<\/p>\n<p>\u201cO clube e a sua vis\u00e3o est\u00e3o em perfeita harmonia com as minhas ambi\u00e7\u00f5es. Eu sei o qu\u00e3o talentosos os jogadores e a equipe s\u00e3o aqui. Estou decidido a construir, ao lado deles, algo grande para o clube e para os torcedores. Mal posso esperar para chegar ao gramado do Parque dos Pr\u00edncipes\u201d, afirmou o atacante, que acaba de deixar o Barcelona (Espanha), equipe que defendeu por mais de 20 anos.<\/p>\n<p>\u201cEstou muito satisfeito por Lionel Messi ter escolhido defender o PSG e estamos orgulhosos de receb\u00ea-lo em Paris, com sua fam\u00edlia\u201d, disse o presidente do PSG, Nasser Al-Khela\u00effi.<\/p>\n<p><strong>Cereja do bolo<br \/>\n<\/strong><br \/>\nMessi \u00e9 a cereja do bolo do pacote de contrata\u00e7\u00f5es da equipe francesa na atual janela de transfer\u00eancias. Al\u00e9m do argentino, o time de Paris j\u00e1 havia acertado com nomes como o zagueiro espanhol Sergio Ramos, o goleiro italiano Gianluigi Donnarumma, o volante holand\u00eas Georgino Wijnaldum e o lateral marroquino Achraf Hakimi. O grande objetivo, com a chegada destes refor\u00e7os, \u00e9 alcan\u00e7ar o in\u00e9dito t\u00edtulo da Liga dos Campe\u00f5es da Europa.<\/p>\n<p>Al\u00e9m disso, com a ida para o time de Paris, o argentino reencontra um grande parceiro no futebol, o brasileiro Neymar, com o qual formou, tamb\u00e9m ao lado do uruguaio Luis Suarez, um dos grandes trios de ataque da hist\u00f3ria do futebol mundial, o MSN, que encantou torcedores do mundo todo.<\/p>\n<p><span style=\"font-weight: 400;\">Fonte: Ag\u00eancia Brasil <\/span><\/p>\n","protected":false},"excerpt":{"rendered":"<p>O PSG (Fran\u00e7a) anunciou oficialmente a contrata\u00e7\u00e3o de Lionel Messi. Segundo comunicado divulgado pela equipe de Paris no final da tarde desta ter\u00e7a-feira (10), o craque argentino acertou um v\u00ednculo de dois anos, com a op\u00e7\u00e3o de um ano adicional. \u201cEstou impaciente para come\u00e7ar um novo cap\u00edtulo da minha carreira em Paris\u201d, declarou Messi ap\u00f3s [&hellip;]<\/p>\n","protected":false},"author":246,"featured_media":186702,"comment_status":"closed","ping_status":"closed","sticky":false,"template":"","format":"standard","meta":{"footnotes":""},"categories":[436,257,439],"tags":[],"class_list":["post-186701","post","type-post","status-publish","format-standard","has-post-thumbnail","hentry","category-destaque-da-semana","category-esporte","category-ultima-hora"],"_links":{"self":[{"href":"https:\/\/diarioregionaldigital.com.br\/index.php?rest_route=\/wp\/v2\/posts\/186701","targetHints":{"allow":["GET"]}}],"collection":[{"href":"https:\/\/diarioregionaldigital.com.br\/index.php?rest_route=\/wp\/v2\/posts"}],"about":[{"href":"https:\/\/diarioregionaldigital.com.br\/index.php?rest_route=\/wp\/v2\/types\/post"}],"author":[{"embeddable":true,"href":"https:\/\/diarioregionaldigital.com.br\/index.php?rest_route=\/wp\/v2\/users\/246"}],"replies":[{"embeddable":true,"href":"https:\/\/diarioregionaldigital.com.br\/index.php?rest_route=%2Fwp%2Fv2%2Fcomments&post=186701"}],"version-history":[{"count":1,"href":"https:\/\/diarioregionaldigital.com.br\/index.php?rest_route=\/wp\/v2\/posts\/186701\/revisions"}],"predecessor-version":[{"id":186703,"href":"https:\/\/diarioregionaldigital.com.br\/index.php?rest_route=\/wp\/v2\/posts\/186701\/revisions\/186703"}],"wp:featuredmedia":[{"embeddable":true,"href":"https:\/\/diarioregionaldigital.com.br\/index.php?rest_route=\/wp\/v2\/media\/186702"}],"wp:attachment":[{"href":"https:\/\/diarioregionaldigital.com.br\/index.php?rest_route=%2Fwp%2Fv2%2Fmedia&parent=186701"}],"wp:term":[{"taxonomy":"category","embeddable":true,"href":"https:\/\/diarioregionaldigital.com.br\/index.php?rest_route=%2Fwp%2Fv2%2Fcategories&post=186701"},{"taxonomy":"post_tag","embeddable":true,"href":"https:\/\/diarioregionaldigital.com.br\/index.php?rest_route=%2Fwp%2Fv2%2Ftags&post=186701"}],"curies":[{"name":"wp","href":"https:\/\/api.w.org\/{rel}","templated":true}]}}