{"id":186697,"date":"2021-08-10T18:31:00","date_gmt":"2021-08-10T21:31:00","guid":{"rendered":"https:\/\/diarioregionaldigital.com.br\/?p=186697"},"modified":"2021-08-10T18:31:00","modified_gmt":"2021-08-10T21:31:00","slug":"volei-sentado-bronze-no-rio-selecao-feminina-estreia-contra-canada","status":"publish","type":"post","link":"https:\/\/diarioregionaldigital.com.br\/?p=186697","title":{"rendered":"V\u00f4lei sentado: bronze no Rio, sele\u00e7\u00e3o feminina estreia contra Canad\u00e1"},"content":{"rendered":"<p>As sele\u00e7\u00f5es brasileiras masculina e feminina de v\u00f4lei sentado conheceram nesta ter\u00e7a-feira (10) as datas dos jogos pela fase de grupos dos respectivos torneios na Paralimp\u00edada de T\u00f3quio (Jap\u00e3o). A competi\u00e7\u00e3o ter\u00e1 in\u00edcio no pr\u00f3ximo dia\u00a027 de agosto\u00a0e segue at\u00e9\u00a05 de setembro, \u00faltimo dia do evento.<img decoding=\"async\" src=\"https:\/\/agenciabrasil.ebc.com.br\/ebc.png?id=1417991&amp;o=node\" \/><img decoding=\"async\" src=\"https:\/\/agenciabrasil.ebc.com.br\/ebc.gif?id=1417991&amp;o=node\" \/><\/p>\n<p>Medalhista de bronze nos Jogos do Rio\u00a0de Janeiro, em 2016, o time feminino ser\u00e1 o primeiro a estrear. No dia 27, \u00e0s 6h30 (hor\u00e1rio de Bras\u00edlia), as brasileiras enfrentam o Canad\u00e1. No dia 29, \u00e0s 8h30, as rivais ser\u00e3o as anfitri\u00e3s japonesas. A participa\u00e7\u00e3o na primeira fase chega ao fim no dia 31, \u00e0s 22h, diante da It\u00e1lia. Os dois primeiros colocados do grupo avan\u00e7am \u00e0s semifinais, que ocorrem no dia\u00a03 de setembro. A decis\u00e3o do ouro ser\u00e1 no dia 5.<\/p>\n<p>A equipe masculina debuta no dia 28, \u00e0s 6h30, contra a China. No dia 30, \u00e0s 8h30, o advers\u00e1rio ser\u00e1 o Ir\u00e3, atual campe\u00e3o mundial e paral\u00edmpico. No dia seguinte, \u00e0s 2h, os brasileiros pegam a Alemanha. Caso se classifiquem, eles ter\u00e3o o duelo da\u00a0semifinal no dia\u00a02 de setembro, com final marcada para dia 4. Na Rio 2016, a sele\u00e7\u00e3o ficou em quarto, perdendo a disputa do bronze para o Egito.<\/p>\n<p>Entre as mulheres, a China \u00e9 a maior vencedora, com tr\u00eas medalhas de ouro e uma de prata nas quatro edi\u00e7\u00f5es em que a modalidade foi disputada no naipe feminino. Os atuais campe\u00f5es s\u00e3o os Estados Unidos, superando justamente as chinesas na final. No masculino, o Ir\u00e3 encabe\u00e7a o ranking com seis t\u00edtulos e dois vices nas \u00faltimas oito Paralimp\u00edadas. Holanda (tr\u00eas ouros) e B\u00f3snia e Herzegovina (dois) completam a rela\u00e7\u00e3o\u00a0medalhistas dourados.<\/p>\n<p><span style=\"font-weight: 400;\">Fonte: Ag\u00eancia Brasil <\/span><\/p>\n","protected":false},"excerpt":{"rendered":"<p>As sele\u00e7\u00f5es brasileiras masculina e feminina de v\u00f4lei sentado conheceram nesta ter\u00e7a-feira (10) as datas dos jogos pela fase de grupos dos respectivos torneios na Paralimp\u00edada de T\u00f3quio (Jap\u00e3o). A competi\u00e7\u00e3o ter\u00e1 in\u00edcio no pr\u00f3ximo dia\u00a027 de agosto\u00a0e segue at\u00e9\u00a05 de setembro, \u00faltimo dia do evento. Medalhista de bronze nos Jogos do Rio\u00a0de Janeiro, em [&hellip;]<\/p>\n","protected":false},"author":246,"featured_media":186698,"comment_status":"closed","ping_status":"closed","sticky":false,"template":"","format":"standard","meta":{"footnotes":""},"categories":[436,257,439],"tags":[],"class_list":["post-186697","post","type-post","status-publish","format-standard","has-post-thumbnail","hentry","category-destaque-da-semana","category-esporte","category-ultima-hora"],"_links":{"self":[{"href":"https:\/\/diarioregionaldigital.com.br\/index.php?rest_route=\/wp\/v2\/posts\/186697","targetHints":{"allow":["GET"]}}],"collection":[{"href":"https:\/\/diarioregionaldigital.com.br\/index.php?rest_route=\/wp\/v2\/posts"}],"about":[{"href":"https:\/\/diarioregionaldigital.com.br\/index.php?rest_route=\/wp\/v2\/types\/post"}],"author":[{"embeddable":true,"href":"https:\/\/diarioregionaldigital.com.br\/index.php?rest_route=\/wp\/v2\/users\/246"}],"replies":[{"embeddable":true,"href":"https:\/\/diarioregionaldigital.com.br\/index.php?rest_route=%2Fwp%2Fv2%2Fcomments&post=186697"}],"version-history":[{"count":2,"href":"https:\/\/diarioregionaldigital.com.br\/index.php?rest_route=\/wp\/v2\/posts\/186697\/revisions"}],"predecessor-version":[{"id":186700,"href":"https:\/\/diarioregionaldigital.com.br\/index.php?rest_route=\/wp\/v2\/posts\/186697\/revisions\/186700"}],"wp:featuredmedia":[{"embeddable":true,"href":"https:\/\/diarioregionaldigital.com.br\/index.php?rest_route=\/wp\/v2\/media\/186698"}],"wp:attachment":[{"href":"https:\/\/diarioregionaldigital.com.br\/index.php?rest_route=%2Fwp%2Fv2%2Fmedia&parent=186697"}],"wp:term":[{"taxonomy":"category","embeddable":true,"href":"https:\/\/diarioregionaldigital.com.br\/index.php?rest_route=%2Fwp%2Fv2%2Fcategories&post=186697"},{"taxonomy":"post_tag","embeddable":true,"href":"https:\/\/diarioregionaldigital.com.br\/index.php?rest_route=%2Fwp%2Fv2%2Ftags&post=186697"}],"curies":[{"name":"wp","href":"https:\/\/api.w.org\/{rel}","templated":true}]}}