{"id":186693,"date":"2021-08-10T18:29:09","date_gmt":"2021-08-10T21:29:09","guid":{"rendered":"https:\/\/diarioregionaldigital.com.br\/?p=186693"},"modified":"2021-08-10T18:29:09","modified_gmt":"2021-08-10T21:29:09","slug":"paralimpiada-em-isolamento-brasileiros-estao-sem-conseguir-treinar","status":"publish","type":"post","link":"https:\/\/diarioregionaldigital.com.br\/?p=186693","title":{"rendered":"Paralimp\u00edada: em isolamento, brasileiros est\u00e3o sem conseguir treinar"},"content":{"rendered":"<p>O Comit\u00ea Paral\u00edmpico Brasileiro (CPB) informou nesta ter\u00e7a-feira (10) que 52 integrantes do grupo que viajou ao Jap\u00e3o para a Paralimp\u00edada de T\u00f3quio, sendo 27 atletas, est\u00e3o em isolamento total em Hamamatsu, cidade onde \u00e9 feita a aclimata\u00e7\u00e3o antes do in\u00edcio dos Jogos, a 250 quil\u00f4metros da capital japonesa. Segundo a entidade, esportistas das sele\u00e7\u00f5es de nata\u00e7\u00e3o, t\u00eanis de mesa, halterofilismo e goalball n\u00e3o est\u00e3o podendo sair dos respectivos quartos de hotel, nem mesmo para treinar.<\/p>\n<p>Nesta segunda-feira (9), o Comit\u00ea revelou que dois membros da delega\u00e7\u00e3o (n\u00e3o atletas) testaram positivo para o novo coronav\u00edrus (covid-19) na chegada ao Jap\u00e3o. Um deles estava com o grupo que viajou na quinta-feira (5) e teve a contamina\u00e7\u00e3o detectada no exame de PCR realizado ainda no aeroporto de Narita, em T\u00f3quio, ap\u00f3s apresentar resultados negativos nos tr\u00eas testes realizados na semana anterior ao embarque.<\/p>\n<p>Dono de 24 medalhas paral\u00edmpicas na nata\u00e7\u00e3o, sendo 14 de ouro, Daniel Dias \u00e9 um dos atletas em isolamento. Em v\u00eddeo publicado no Instagram, o nadador disse apoiar medidas que previnam o avan\u00e7o da covid-19, mas pediu \u00e0s autoridades uma flexibiliza\u00e7\u00e3o para que competidores com testes negativos tenham condi\u00e7\u00f5es de treinar antes do evento. O depoimento foi compartilhado por outros esportistas na mesma situa\u00e7\u00e3o, como os nadadores Ruiter Silva, Roberto Alcalde e D\u00e9bora Carneiro e a mesatenista Danielle Rauen.<\/p>\n<p>&#8220;Eu e outras 51 pessoas com testes negativos viemos para Hamamatsu em \u00f4nibus separados e estamos isolados desde ent\u00e3o. A gente n\u00e3o pode sair do quarto. N\u00e3o podemos treinar e faltam apenas 14 dias para os Jogos Paral\u00edmpicos. Os preju\u00edzos f\u00edsicos e psicol\u00f3gicos s\u00e3o enormes. Entendemos que as medidas sanit\u00e1rias s\u00e3o necess\u00e1rias, mas n\u00f3s estamos negativos. Esse isolamento pode nos fazer perder medalhas e desperdi\u00e7ar todo o investimento dos \u00faltimos cinco anos. O CPB est\u00e1 incans\u00e1vel na luta para nossa libera\u00e7\u00e3o, mas as autoridades locais seguem informando que teremos que ficar 14 dias isolados. N\u00e3o faz sentido, estamos negativos! Eu e todos os atletas nesta condi\u00e7\u00e3o pedimos compreens\u00e3o e empatia das autoridades locais. Por favor, n\u00f3s precisamos treinar&#8221;, desabafou Daniel.<\/p>\n<p>O protocolo do Comit\u00ea Organizador Local de T\u00f3quio 2020 prev\u00ea que as pessoas que estavam em um raio de duas fileiras de assentos ao redor do indiv\u00edduo infectado devam ser isolados, devido \u00e0 possibilidade de exposi\u00e7\u00e3o ao v\u00edrus no voo. O CPB, por\u00e9m, alega que a \u00faltima vers\u00e3o do playbook (livro de regras) dos Jogos, enviada \u00e0 entidade no \u00faltimo dia 15 de julho, diz que &#8220;\u00e9 permitido aos atletas que mantiveram &#8216;contato pr\u00f3ximo&#8217; treinar, igualmente em isolamento, e at\u00e9 mesmo competir&#8221; e que &#8220;assim foi feito, por exemplo, com atletas ol\u00edmpicos da \u00c1frica do Sul, da R\u00fassia e da It\u00e1lia durante os Jogos Ol\u00edmpicos.&#8221;<\/p>\n<p>Ainda de acordo com o CPB, o isolamento total foi\u00a0definido pela prefeitura de Hamamatsu, &#8220;que n\u00e3o permite qualquer altera\u00e7\u00e3o neste procedimento antes de 14 dias, mesmo que o atleta tenha testado negativo de forma reiterada&#8221;. A entidade argumenta que o munic\u00edpio &#8220;se comprometeu a aplicar as diretrizes do referido\u00a0playbook&#8221; e que a medida tem prejudicado &#8220;toda a prepara\u00e7\u00e3o e aclimata\u00e7\u00e3o dos atletas para a participa\u00e7\u00e3o no Jogos&#8221;.<\/p>\n<p>A nota do CPB afirma que foram feitos contatos com Comit\u00ea Organizador, prefeitura de Hamamatsu e com a embaixada brasileira no Jap\u00e3o, mas que &#8220;apesar dos esfor\u00e7os do governo brasileiro, n\u00e3o encontramos respaldo por parte das autoridades locais&#8221;. Por fim, a entidade diz que segue buscando autoriza\u00e7\u00e3o para os atletas conseguirem treinar.<\/p>\n<p><span style=\"font-weight: 400;\">Fonte: Ag\u00eancia Brasil<\/span><\/p>\n","protected":false},"excerpt":{"rendered":"<p>O Comit\u00ea Paral\u00edmpico Brasileiro (CPB) informou nesta ter\u00e7a-feira (10) que 52 integrantes do grupo que viajou ao Jap\u00e3o para a Paralimp\u00edada de T\u00f3quio, sendo 27 atletas, est\u00e3o em isolamento total em Hamamatsu, cidade onde \u00e9 feita a aclimata\u00e7\u00e3o antes do in\u00edcio dos Jogos, a 250 quil\u00f4metros da capital japonesa. Segundo a entidade, esportistas das sele\u00e7\u00f5es [&hellip;]<\/p>\n","protected":false},"author":246,"featured_media":186694,"comment_status":"closed","ping_status":"closed","sticky":false,"template":"","format":"standard","meta":{"footnotes":""},"categories":[253,436,439],"tags":[],"class_list":["post-186693","post","type-post","status-publish","format-standard","has-post-thumbnail","hentry","category-cidade","category-destaque-da-semana","category-ultima-hora"],"_links":{"self":[{"href":"https:\/\/diarioregionaldigital.com.br\/index.php?rest_route=\/wp\/v2\/posts\/186693","targetHints":{"allow":["GET"]}}],"collection":[{"href":"https:\/\/diarioregionaldigital.com.br\/index.php?rest_route=\/wp\/v2\/posts"}],"about":[{"href":"https:\/\/diarioregionaldigital.com.br\/index.php?rest_route=\/wp\/v2\/types\/post"}],"author":[{"embeddable":true,"href":"https:\/\/diarioregionaldigital.com.br\/index.php?rest_route=\/wp\/v2\/users\/246"}],"replies":[{"embeddable":true,"href":"https:\/\/diarioregionaldigital.com.br\/index.php?rest_route=%2Fwp%2Fv2%2Fcomments&post=186693"}],"version-history":[{"count":2,"href":"https:\/\/diarioregionaldigital.com.br\/index.php?rest_route=\/wp\/v2\/posts\/186693\/revisions"}],"predecessor-version":[{"id":186696,"href":"https:\/\/diarioregionaldigital.com.br\/index.php?rest_route=\/wp\/v2\/posts\/186693\/revisions\/186696"}],"wp:featuredmedia":[{"embeddable":true,"href":"https:\/\/diarioregionaldigital.com.br\/index.php?rest_route=\/wp\/v2\/media\/186694"}],"wp:attachment":[{"href":"https:\/\/diarioregionaldigital.com.br\/index.php?rest_route=%2Fwp%2Fv2%2Fmedia&parent=186693"}],"wp:term":[{"taxonomy":"category","embeddable":true,"href":"https:\/\/diarioregionaldigital.com.br\/index.php?rest_route=%2Fwp%2Fv2%2Fcategories&post=186693"},{"taxonomy":"post_tag","embeddable":true,"href":"https:\/\/diarioregionaldigital.com.br\/index.php?rest_route=%2Fwp%2Fv2%2Ftags&post=186693"}],"curies":[{"name":"wp","href":"https:\/\/api.w.org\/{rel}","templated":true}]}}