{"id":186686,"date":"2021-08-10T18:13:44","date_gmt":"2021-08-10T21:13:44","guid":{"rendered":"https:\/\/diarioregionaldigital.com.br\/?p=186686"},"modified":"2021-08-10T18:13:44","modified_gmt":"2021-08-10T21:13:44","slug":"marinha-faz-desfile-com-carros-blindados-na-esplanada-dos-ministerios","status":"publish","type":"post","link":"https:\/\/diarioregionaldigital.com.br\/?p=186686","title":{"rendered":"Marinha faz desfile com carros blindados na Esplanada dos Minist\u00e9rios"},"content":{"rendered":"<p>A Marinha realizou hoje (10) um desfile com ve\u00edculos blindados e armamentos na Esplanada dos Minist\u00e9rios, em Bras\u00edlia, a caminho do Centro de Instru\u00e7\u00e3o de Formosa, em Goi\u00e1s, onde haver\u00e1 treinamento de militares. O presidente Jair Bolsonaro acompanhou o evento da rampa do Pal\u00e1cio do Planalto, onde recebeu o convite para comparecer a uma demonstra\u00e7\u00e3o operativa que ser\u00e1 realizada em 16 de agosto.<img decoding=\"async\" src=\"https:\/\/agenciabrasil.ebc.com.br\/ebc.png?id=1417967&amp;o=node\" \/><img decoding=\"async\" src=\"https:\/\/agenciabrasil.ebc.com.br\/ebc.gif?id=1417967&amp;o=node\" \/><\/p>\n<p>O ato ocorre no mesmo dia em que est\u00e1 prevista a vota\u00e7\u00e3o, no plen\u00e1rio da C\u00e2mara dos Deputados, da Proposta de Emenda \u00e0 Constitui\u00e7\u00e3o\u00a0<a href=\"https:\/\/agenciabrasil.ebc.com.br\/politica\/noticia\/2021-08\/lira-marca-votacao-da-pec-do-voto-impresso-para-amanha\" target=\"_blank\" rel=\"noopener\">(PEC) 135\/2019<\/a>, que torna obrigat\u00f3rio o voto impresso no pa\u00eds. Para parlamentares, o evento seria uma tentativa de intimida\u00e7\u00e3o.<\/p>\n<p>No entanto, em\u00a0<a href=\"https:\/\/www.marinha.mil.br\/sites\/default\/files\/nota_a_imprensa_operacao_formosa.pdf\" target=\"_blank\" rel=\"noopener\">nota<\/a>\u00a0divulgada na noite de ontem (9), o Comando da Marinha destaca que a \u201centrega simb\u00f3lica foi planejada antes da agenda para a vota\u00e7\u00e3o da PEC 135\/2019 no Plen\u00e1rio da C\u00e2mara dos Deputados, n\u00e3o possuindo rela\u00e7\u00e3o com a mesma, ou qualquer outro ato em curso nos Poderes da Rep\u00fablica\u201d.<\/p>\n<p>Ao abrir a sess\u00e3o da Comiss\u00e3o Parlamentar de Inqu\u00e9rito (CPI) da Pandemia, nesta ter\u00e7a-feira, o presidente do colegiado, senador Omar Aziz, disse que \u201co papel das For\u00e7as Armadas \u00e9 defender a democracia, n\u00e3o amea\u00e7\u00e1-la\u201d.<\/p>\n<p>\u201c\u00c9 um absurdo inaceit\u00e1vel. N\u00e3o \u00e9 um teatro sem consequ\u00eancias, mas um ataque frontal \u00e0 democracia que precisa ser repudiado\u201d, disse Aziz. \u201cDesfiles como esse serviriam para mostrar for\u00e7a para conter inimigos externos que amea\u00e7assem nossa soberania, o que n\u00e3o \u00e9 o caso. As For\u00e7as Armadas jamais podem ser usadas para intimidar sua popula\u00e7\u00e3o, seus advers\u00e1rios, atacar a oposi\u00e7\u00e3o legitimamente constitu\u00edda. N\u00e3o h\u00e1 nenhuma previs\u00e3o constitucional para isso\u201d, completou.<\/p>\n<p>Segundo o Comando da Marinha, o objetivo do desfile foi convidar o presidente Bolsonaro para participar do treinamento em Formosa, que \u00e9 realizado desde 1988. Por\u00e9m, o convite costumava acontecer em gabinete, de forma protocolar. \u00c9 a primeira vez que esse desfile ocorre na \u00e1rea central de Bras\u00edlia. De acordo com a Marinha, a opera\u00e7\u00e3o tem o objetivo de \u201cassegurar o preparo do Corpo de Fuzileiros Navais como for\u00e7a estrat\u00e9gica, de pronto emprego e de car\u00e1ter anf\u00edbio e expedicion\u00e1rio, conforme previsto na Estrat\u00e9gia Nacional de Defesa. Este ano, de forma in\u00e9dita, haver\u00e1 tamb\u00e9m a participa\u00e7\u00e3o de meios do Ex\u00e9rcito Brasileiro e da For\u00e7a A\u00e9rea Brasileira, de modo a incrementar a interoperabilidade das For\u00e7as Armadas do Pa\u00eds\u201d.<\/p>\n<p>Ontem, partidos pol\u00edticos entraram na Justi\u00e7a para tentar impedir a exibi\u00e7\u00e3o, mas as a\u00e7\u00f5es n\u00e3o tiveram efeito. Tamb\u00e9m nesta segunda-feira, o presidente da C\u00e2mara, Arthur Lira, afirmou que n\u00e3o apoia a demonstra\u00e7\u00e3o e que, se os deputados quiserem, a vota\u00e7\u00e3o sobre o voto impresso pode ser adiada.<\/p>\n<p>Entretanto, ele n\u00e3o acredita que o desfile tenha rela\u00e7\u00e3o com a vota\u00e7\u00e3o. \u201cNo pa\u00eds polarizado, isso d\u00e1 cabimento para que se especule algum tipo de press\u00e3o. Entramos em contato com o presidente Bolsonaro, que garantiu que n\u00e3o h\u00e1 esse intuito. Mas n\u00e3o \u00e9 usual, \u00e9 uma coincid\u00eancia tr\u00e1gica dos blindados para Formosa. Isso apimenta este momento\u201d, afirmou.<\/p>\n<p>Este ano, a opera\u00e7\u00e3o envolve mais de 2,5 mil militares, da Marinha, do Ex\u00e9rcito e da For\u00e7a A\u00e9rea, que simulam uma opera\u00e7\u00e3o anf\u00edbia, empregando mais de 150 diferentes meios, entre aeronaves, carros de combate, ve\u00edculos blindados e anf\u00edbios, de artilharia e lan\u00e7adores de m\u00edsseis e foguetes. Os ve\u00edculos e equipamentos que ser\u00e3o utilizados foram transportados do Rio de Janeiro para Bras\u00edlia.<\/p>\n<div class=\"dnd-widget-wrapper context-cheio_8colunas type-image\">\n<div class=\"dnd-atom-rendered\"><span style=\"font-weight: 400;\">Fonte: Ag\u00eancia Brasil <\/span><\/div>\n<\/div>\n","protected":false},"excerpt":{"rendered":"<p>A Marinha realizou hoje (10) um desfile com ve\u00edculos blindados e armamentos na Esplanada dos Minist\u00e9rios, em Bras\u00edlia, a caminho do Centro de Instru\u00e7\u00e3o de Formosa, em Goi\u00e1s, onde haver\u00e1 treinamento de militares. O presidente Jair Bolsonaro acompanhou o evento da rampa do Pal\u00e1cio do Planalto, onde recebeu o convite para comparecer a uma demonstra\u00e7\u00e3o [&hellip;]<\/p>\n","protected":false},"author":246,"featured_media":186687,"comment_status":"closed","ping_status":"closed","sticky":false,"template":"","format":"standard","meta":{"footnotes":""},"categories":[436,254,439],"tags":[],"class_list":["post-186686","post","type-post","status-publish","format-standard","has-post-thumbnail","hentry","category-destaque-da-semana","category-politica","category-ultima-hora"],"_links":{"self":[{"href":"https:\/\/diarioregionaldigital.com.br\/index.php?rest_route=\/wp\/v2\/posts\/186686","targetHints":{"allow":["GET"]}}],"collection":[{"href":"https:\/\/diarioregionaldigital.com.br\/index.php?rest_route=\/wp\/v2\/posts"}],"about":[{"href":"https:\/\/diarioregionaldigital.com.br\/index.php?rest_route=\/wp\/v2\/types\/post"}],"author":[{"embeddable":true,"href":"https:\/\/diarioregionaldigital.com.br\/index.php?rest_route=\/wp\/v2\/users\/246"}],"replies":[{"embeddable":true,"href":"https:\/\/diarioregionaldigital.com.br\/index.php?rest_route=%2Fwp%2Fv2%2Fcomments&post=186686"}],"version-history":[{"count":1,"href":"https:\/\/diarioregionaldigital.com.br\/index.php?rest_route=\/wp\/v2\/posts\/186686\/revisions"}],"predecessor-version":[{"id":186688,"href":"https:\/\/diarioregionaldigital.com.br\/index.php?rest_route=\/wp\/v2\/posts\/186686\/revisions\/186688"}],"wp:featuredmedia":[{"embeddable":true,"href":"https:\/\/diarioregionaldigital.com.br\/index.php?rest_route=\/wp\/v2\/media\/186687"}],"wp:attachment":[{"href":"https:\/\/diarioregionaldigital.com.br\/index.php?rest_route=%2Fwp%2Fv2%2Fmedia&parent=186686"}],"wp:term":[{"taxonomy":"category","embeddable":true,"href":"https:\/\/diarioregionaldigital.com.br\/index.php?rest_route=%2Fwp%2Fv2%2Fcategories&post=186686"},{"taxonomy":"post_tag","embeddable":true,"href":"https:\/\/diarioregionaldigital.com.br\/index.php?rest_route=%2Fwp%2Fv2%2Ftags&post=186686"}],"curies":[{"name":"wp","href":"https:\/\/api.w.org\/{rel}","templated":true}]}}