{"id":186683,"date":"2021-08-10T18:10:54","date_gmt":"2021-08-10T21:10:54","guid":{"rendered":"https:\/\/diarioregionaldigital.com.br\/?p=186683"},"modified":"2021-08-10T18:10:54","modified_gmt":"2021-08-10T21:10:54","slug":"so-a-denuncia-pode-acionar-rede-de-protecao-de-mulheres-diz-ministra","status":"publish","type":"post","link":"https:\/\/diarioregionaldigital.com.br\/?p=186683","title":{"rendered":"S\u00f3 a den\u00fancia pode acionar rede de prote\u00e7\u00e3o de mulheres, diz ministra"},"content":{"rendered":"<p>A ministra da Mulher, da Fam\u00edlia e dos Direitos Humanos, Damares Alves, afirmou nesta segunda-feira (9) que \u00e9 preciso encorajar as pessoas a denunciarem casos de viol\u00eancia contra a mulher. Segundo ela, s\u00f3 com a den\u00fancia \u00e9 poss\u00edvel acionar a rede de prote\u00e7\u00e3o das v\u00edtimas.\u00a0<img decoding=\"async\" src=\"https:\/\/agenciabrasil.ebc.com.br\/ebc.png?id=1417914&amp;o=node\" \/><img decoding=\"async\" src=\"https:\/\/agenciabrasil.ebc.com.br\/ebc.gif?id=1417914&amp;o=node\" \/><\/p>\n<p>&#8220;Tem gente que acha que n\u00e3o adianta denunciar, que n\u00e3o vira nada. Vamos tirar isso da cabe\u00e7a, vira sim. A den\u00fancia \u00e9 a porta de entrada para uma rede de prote\u00e7\u00e3o da mulher e \u00e9 por meio da den\u00fancia que todos n\u00f3s aqui somos acionados&#8221;, afirmou durante um debate virtual promovido pela Secretaria da Mulher do Distrito Federal. O evento debateu o legado da Lei Maria da Penha, que\u00a0<a href=\"https:\/\/agenciabrasil.ebc.com.br\/direitos-humanos\/noticia\/2021-08\/lei-maria-da-penha-completa-15-anos\" target=\"_blank\" rel=\"noopener\">completou 15 anos de promulga\u00e7\u00e3o<\/a>\u00a0no \u00faltimo s\u00e1bado.<\/p>\n<p>Damares Alves tamb\u00e9m destacou que a maior parte das mulheres que morreram v\u00edtimas de viol\u00eancia n\u00e3o tinham medida protetiva decretada, o que poderia ter evitado mortes. &#8220;Mais de 70% das mulheres que morreram assassinadas por seu companheiro ou por outra pessoa, n\u00e3o estavam na rede de prote\u00e7\u00e3o, ainda n\u00e3o tinham medida protetiva. Isso quer dizer que se elas tivessem uma medida protetiva, \u00e9 poss\u00edvel que elas n\u00e3o tivessem sido assassinadas&#8221;, pontuou. A ministra enfatizou ainda que n\u00e3o apenas a v\u00edtima, mas qualquer pessoa pode denunciar o caso de uma mulher submetida \u00e0 viol\u00eancia dom\u00e9stica, seja de qual tipo for. &#8220;Qualquer pessoa pode denunciar a viol\u00eancia e a gente garante o anonimato&#8221;, ressaltou.<\/p>\n<p>A lei, considerada uma das tr\u00eas melhores no mundo pelas Na\u00e7\u00f5es Unidas, juntamente com a da Espanha e a do Chile, prev\u00ea mecanismos inovadores, como medidas protetivas, a\u00e7\u00f5es de preven\u00e7\u00e3o, suporte \u00e0s mulheres e grupos reflexivos para homens.<\/p>\n<p>Segundo a ministra, desde que foi promulgada, em 2006, a Lei Maria da Penha passou por diversos aperfei\u00e7oamentos. Ela citou, por exemplo, a recente cria\u00e7\u00e3o do tipo penal viol\u00eancia psicol\u00f3gica. Com isso, a lei define atualmente cinco formas de viol\u00eancia: f\u00edsica, sexual, moral, psicol\u00f3gica e patrimonial.<\/p>\n<p>&#8220;H\u00e1 15 anos atr\u00e1s, por exemplo, n\u00f3s n\u00e3o t\u00ednhamos o WhatsApp e hoje n\u00f3s temos viol\u00eancias contra a mulher no WhatsApp. Ent\u00e3o, a lei tem que se adequar \u00e0s necessidades e \u00e0s transforma\u00e7\u00f5es que acontecem na sociedade&#8221;, afirmou.<\/p>\n<p>Uma outra atualiza\u00e7\u00e3o, feita em 2019, passou a permitir que autoridades policiais determinassem a aplica\u00e7\u00e3o de medidas protetivas a mulheres v\u00edtimas de viol\u00eancia dom\u00e9stica. &#8220;Tem cidades no interior do Brasil que n\u00e3o tem f\u00f3rum, que n\u00e3o tem juiz&#8221;, lembrou a ministra ao destacar a mudan\u00e7a.<\/p>\n<p>Segundo dados do Portal de Monitoramento da Pol\u00edtica Judici\u00e1ria de Enfrentamento \u00e0 Viol\u00eancia Dom\u00e9stica contra as Mulheres do Conselho Nacional de Justi\u00e7a (CNJ), foram concedidas 386.390 medidas protetivas no ano passado.<\/p>\n<p><span style=\"font-weight: 400;\">Fonte: Ag\u00eancia Brasil <\/span><\/p>\n","protected":false},"excerpt":{"rendered":"<p>A ministra da Mulher, da Fam\u00edlia e dos Direitos Humanos, Damares Alves, afirmou nesta segunda-feira (9) que \u00e9 preciso encorajar as pessoas a denunciarem casos de viol\u00eancia contra a mulher. Segundo ela, s\u00f3 com a den\u00fancia \u00e9 poss\u00edvel acionar a rede de prote\u00e7\u00e3o das v\u00edtimas.\u00a0 &#8220;Tem gente que acha que n\u00e3o adianta denunciar, que n\u00e3o [&hellip;]<\/p>\n","protected":false},"author":246,"featured_media":186684,"comment_status":"closed","ping_status":"closed","sticky":false,"template":"","format":"standard","meta":{"footnotes":""},"categories":[436,254,439],"tags":[],"class_list":["post-186683","post","type-post","status-publish","format-standard","has-post-thumbnail","hentry","category-destaque-da-semana","category-politica","category-ultima-hora"],"_links":{"self":[{"href":"https:\/\/diarioregionaldigital.com.br\/index.php?rest_route=\/wp\/v2\/posts\/186683","targetHints":{"allow":["GET"]}}],"collection":[{"href":"https:\/\/diarioregionaldigital.com.br\/index.php?rest_route=\/wp\/v2\/posts"}],"about":[{"href":"https:\/\/diarioregionaldigital.com.br\/index.php?rest_route=\/wp\/v2\/types\/post"}],"author":[{"embeddable":true,"href":"https:\/\/diarioregionaldigital.com.br\/index.php?rest_route=\/wp\/v2\/users\/246"}],"replies":[{"embeddable":true,"href":"https:\/\/diarioregionaldigital.com.br\/index.php?rest_route=%2Fwp%2Fv2%2Fcomments&post=186683"}],"version-history":[{"count":1,"href":"https:\/\/diarioregionaldigital.com.br\/index.php?rest_route=\/wp\/v2\/posts\/186683\/revisions"}],"predecessor-version":[{"id":186685,"href":"https:\/\/diarioregionaldigital.com.br\/index.php?rest_route=\/wp\/v2\/posts\/186683\/revisions\/186685"}],"wp:featuredmedia":[{"embeddable":true,"href":"https:\/\/diarioregionaldigital.com.br\/index.php?rest_route=\/wp\/v2\/media\/186684"}],"wp:attachment":[{"href":"https:\/\/diarioregionaldigital.com.br\/index.php?rest_route=%2Fwp%2Fv2%2Fmedia&parent=186683"}],"wp:term":[{"taxonomy":"category","embeddable":true,"href":"https:\/\/diarioregionaldigital.com.br\/index.php?rest_route=%2Fwp%2Fv2%2Fcategories&post=186683"},{"taxonomy":"post_tag","embeddable":true,"href":"https:\/\/diarioregionaldigital.com.br\/index.php?rest_route=%2Fwp%2Fv2%2Ftags&post=186683"}],"curies":[{"name":"wp","href":"https:\/\/api.w.org\/{rel}","templated":true}]}}