{"id":186679,"date":"2021-08-10T18:08:35","date_gmt":"2021-08-10T21:08:35","guid":{"rendered":"https:\/\/diarioregionaldigital.com.br\/?p=186679"},"modified":"2021-08-10T18:08:35","modified_gmt":"2021-08-10T21:08:35","slug":"helcio-bruno-nega-envolvimento-em-irregularidade-na-compra-de-vacina","status":"publish","type":"post","link":"https:\/\/diarioregionaldigital.com.br\/?p=186679","title":{"rendered":"H\u00e9lcio Bruno nega envolvimento em irregularidade na compra de vacina"},"content":{"rendered":"<p>O presidente do Instituto For\u00e7a Brasil (IFB), militar da reserva H\u00e9lcio Bruno de Almeida, negou nesta ter\u00e7a-feira (10) \u00e0 Comiss\u00e3o Parlamentar de Inqu\u00e9rito (CPI) da Pandemia do Senado qualquer irregularidade na reuni\u00e3o que serviu para negociar a compra de vacinas por meio da Davati Medical Supply com o Minist\u00e9rio da Sa\u00fade, em 12 de mar\u00e7o de 2021. Apontado como respons\u00e1vel pela aproxima\u00e7\u00e3o entre a Davati e o Minist\u00e9rio da Sa\u00fade, o tenente-coronel foi convocado pela comiss\u00e3o depois de ter participado de conversas em que foram discutidas ofertas de vacinas e ter sido alvo da CPI das Fake News no Congresso.<img decoding=\"async\" src=\"https:\/\/agenciabrasil.ebc.com.br\/ebc.png?id=1417994&amp;o=node\" \/><img decoding=\"async\" src=\"https:\/\/agenciabrasil.ebc.com.br\/ebc.gif?id=1417994&amp;o=node\" \/><\/p>\n<p><strong>Agenda<\/strong><\/p>\n<p>Sobre a reuni\u00e3o do dia 12 de mar\u00e7o, no Minist\u00e9rio da Sa\u00fade, da qual participaram tamb\u00e9m representantes da Davati, empresa que tentou vender vacinas sem ser representante da fabricante, H\u00e9lcio Bruno afirmou que aceitou compartilhar a data que tinha na agenda do minist\u00e9rio com a Davati a pedido do reverendo Amilton Gomes de Paula, presidente da organiza\u00e7\u00e3o n\u00e3o governamental (ONG) Secretaria Nacional de Assuntos Humanit\u00e1rios (Senah). Aos senadores, o depoente disse que fez uma pesquisa na internet sobre a empresa e que na ocasi\u00e3o n\u00e3o encontrou \u201cnada que a desabonasse\u201d. Segundo o militar, somente nessa reuni\u00e3o conheceu os representantes da Davati, Cristiano Carvalho e Luiz Paulo Dominguetti. A inten\u00e7\u00e3o dele no encontro, destacou, era acelerar a venda de vacinas para o mercado privado, apesar da impossibilidade legislativa disso \u00e0 \u00e9poca.<\/p>\n<p>\u201cUma vez que o compartilhamento da reuni\u00e3o pr\u00e9-agendada poderia acelerar a vacina\u00e7\u00e3o privada, e considerando que at\u00e9 ent\u00e3o n\u00e3o havia qualquer elemento em desfavor da Davati, que certamente seria profundamente investigada pelo Minist\u00e9rio da Sa\u00fade antes de qualquer negocia\u00e7\u00e3o, n\u00e3o se enxergou nenhum poss\u00edvel preju\u00edzo no compartilhamento da agenda do IFB [Instituto For\u00e7a Brasil], vislumbrando-se, por outro lado, um potencial benef\u00edcio \u00e0 vacina\u00e7\u00e3o do pa\u00eds\u201d, justificou.<\/p>\n<p>O militar da reserva\u00a0tamb\u00e9m ressaltou que jamais participou de qualquer reuni\u00e3o ou encontro no qual teria sido oferecida ou solicitada vantagem indevida por quem quer que seja para a compra de imunizantes. O depoente acrescentou ainda que nunca esteve presente em qualquer jantar com Dominguetti, \u201cmuito menos\u201d no que teria ocorrido em 25 de fevereiro, no restaurante Vasto, em Bras\u00edlia. A CPI investiga se, nessa ocasi\u00e3o, teria sido pedida pelo ent\u00e3o diretor de Log\u00edstica do minist\u00e9rio, Roberto Dias, propina de US$ 1, por dose comprada, sobre 400 milh\u00f5es de doses da vacina de Oxford\/AstraZeneca que estavam sendo oferecidas pela Daviti ao Minist\u00e9rio da Sa\u00fade. Dias nega a acusa\u00e7\u00e3o.<\/p>\n<p><strong>Rela\u00e7\u00f5es<\/strong><\/p>\n<p>H\u00e9lcio Bruno negou \u00e0 CPI ter feito neg\u00f3cios com Roberto Dias, assim como conhecer o\u00a0ex-assessor do Minist\u00e9rio da Sa\u00fade Marcelo Blanco, que estava no jantar em que teria havido o suposto pedido de propina. O depoente destacou ainda que nunca teve proximidade com o ent\u00e3o secret\u00e1rio executivo da pasta, coronel Elcio Franco. \u201cNunca tive rela\u00e7\u00e3o de amizade ou qualquer proximidade com o coronel Elcio Franco, apenas podendo eventualmente t\u00ea-lo encontrado em alguma solenidade militar de que n\u00e3o me recordo. Nunca frequentei a sua resid\u00eancia, n\u00e3o conhe\u00e7o a sua fam\u00edlia, jamais almo\u00e7amos ou jantamos juntos, n\u00e3o fomos contempor\u00e2neos na Aman [Academia Militar das Agulhas Negras], e tampouco servimos [o Ex\u00e9rcito] juntos\u201d, disse.<\/p>\n<p>Especialista e autointitulado consultor de defesa e seguran\u00e7a, H\u00e9lcio Bruno se apresenta nas redes sociais como representante s\u00eanior da empresa Suntech Solu\u00e7\u00f5es de Intelig\u00eancia, adquirida pela companhia israelense Verint Systems. Apesar disso, o militar da reserva negou ter atuado como representante comercial da Suntech junto ao Minist\u00e9rio da Defesa. A negativa foi em resposta ao senador Fabiano Contarato (Rede-ES), que citou not\u00edcias que apontam que o tenente-coronel da reserva teria atuado como facilitador da empresa em um contrato de R$ 33 milh\u00f5es com o minist\u00e9rio. &#8220;Como representante comercial jamais [atuei]. Sou consultor de defesa e seguran\u00e7a&#8221;, afirmou.<\/p>\n<p><strong>Habeas corpus<\/strong><\/p>\n<p>Amparado por<em>\u00a0habeas corpus<\/em>\u00a0concedido ontem (9) pela ministra C\u00e1rmen L\u00facia, do Supremo Tribunal Federal (STF), que permite que H\u00e9lcio Bruno de Almeida n\u00e3o responda a perguntas que possam incrimin\u00e1-lo, ele se negou a responder v\u00e1rios pontos levantados por parlamentares. O depoente se calou, por exemplo, quando questionado sobre a natureza das atribui\u00e7\u00f5es do Instituto For\u00e7a Brasil. Tamb\u00e9m n\u00e3o respondeu sobre sua rela\u00e7\u00e3o com o ex-ministro da Sa\u00fade Eduardo Pazuello. Alertado v\u00e1rias vezes por senadores de que n\u00e3o poderia se negar a responder questionamentos mais b\u00e1sicos que n\u00e3o o prejudicassem, o militar passou a responder a perguntas autorizadas pela sua defesa.<\/p>\n<p><span style=\"font-weight: 400;\">Fonte: Ag\u00eancia Brasil <\/span><\/p>\n","protected":false},"excerpt":{"rendered":"<p>O presidente do Instituto For\u00e7a Brasil (IFB), militar da reserva H\u00e9lcio Bruno de Almeida, negou nesta ter\u00e7a-feira (10) \u00e0 Comiss\u00e3o Parlamentar de Inqu\u00e9rito (CPI) da Pandemia do Senado qualquer irregularidade na reuni\u00e3o que serviu para negociar a compra de vacinas por meio da Davati Medical Supply com o Minist\u00e9rio da Sa\u00fade, em 12 de mar\u00e7o [&hellip;]<\/p>\n","protected":false},"author":246,"featured_media":186680,"comment_status":"closed","ping_status":"closed","sticky":false,"template":"","format":"standard","meta":{"footnotes":""},"categories":[436,254,439],"tags":[],"class_list":["post-186679","post","type-post","status-publish","format-standard","has-post-thumbnail","hentry","category-destaque-da-semana","category-politica","category-ultima-hora"],"_links":{"self":[{"href":"https:\/\/diarioregionaldigital.com.br\/index.php?rest_route=\/wp\/v2\/posts\/186679","targetHints":{"allow":["GET"]}}],"collection":[{"href":"https:\/\/diarioregionaldigital.com.br\/index.php?rest_route=\/wp\/v2\/posts"}],"about":[{"href":"https:\/\/diarioregionaldigital.com.br\/index.php?rest_route=\/wp\/v2\/types\/post"}],"author":[{"embeddable":true,"href":"https:\/\/diarioregionaldigital.com.br\/index.php?rest_route=\/wp\/v2\/users\/246"}],"replies":[{"embeddable":true,"href":"https:\/\/diarioregionaldigital.com.br\/index.php?rest_route=%2Fwp%2Fv2%2Fcomments&post=186679"}],"version-history":[{"count":2,"href":"https:\/\/diarioregionaldigital.com.br\/index.php?rest_route=\/wp\/v2\/posts\/186679\/revisions"}],"predecessor-version":[{"id":186682,"href":"https:\/\/diarioregionaldigital.com.br\/index.php?rest_route=\/wp\/v2\/posts\/186679\/revisions\/186682"}],"wp:featuredmedia":[{"embeddable":true,"href":"https:\/\/diarioregionaldigital.com.br\/index.php?rest_route=\/wp\/v2\/media\/186680"}],"wp:attachment":[{"href":"https:\/\/diarioregionaldigital.com.br\/index.php?rest_route=%2Fwp%2Fv2%2Fmedia&parent=186679"}],"wp:term":[{"taxonomy":"category","embeddable":true,"href":"https:\/\/diarioregionaldigital.com.br\/index.php?rest_route=%2Fwp%2Fv2%2Fcategories&post=186679"},{"taxonomy":"post_tag","embeddable":true,"href":"https:\/\/diarioregionaldigital.com.br\/index.php?rest_route=%2Fwp%2Fv2%2Ftags&post=186679"}],"curies":[{"name":"wp","href":"https:\/\/api.w.org\/{rel}","templated":true}]}}