{"id":186675,"date":"2021-08-10T18:04:19","date_gmt":"2021-08-10T21:04:19","guid":{"rendered":"https:\/\/diarioregionaldigital.com.br\/?p=186675"},"modified":"2021-08-10T18:04:19","modified_gmt":"2021-08-10T21:04:19","slug":"comissao-especial-aprova-pec-que-altera-regras-eleitorais","status":"publish","type":"post","link":"https:\/\/diarioregionaldigital.com.br\/?p=186675","title":{"rendered":"Comiss\u00e3o especial aprova PEC que altera regras eleitorais"},"content":{"rendered":"<p>A comiss\u00e3o especial da C\u00e2mara dos Deputados que analisa a Proposta de Emenda \u00e0 Constitui\u00e7\u00e3o 125\/11, que trata do adiamento das elei\u00e7\u00f5es em datas pr\u00f3ximas a feriados, aprovou nesta segunda-feira (9) o relat\u00f3rio da deputada Renata Abreu. O texto original sofreu uma s\u00e9rie de modifica\u00e7\u00f5es ao longo de sua tramita\u00e7\u00e3o e prop\u00f5e a altera\u00e7\u00e3o de uma s\u00e9rie de dispositivos da legisla\u00e7\u00e3o eleitoral.<img decoding=\"async\" src=\"https:\/\/agenciabrasil.ebc.com.br\/ebc.png?id=1417924&amp;o=node\" \/><img decoding=\"async\" src=\"https:\/\/agenciabrasil.ebc.com.br\/ebc.gif?id=1417924&amp;o=node\" \/><\/p>\n<p>O texto-base foi aprovado por 22 votos a 11. Na vota\u00e7\u00e3o dos destaques, os deputados concordaram com um destaque do PCdoB que retira do texto a previs\u00e3o do chamado distrit\u00e3o misto nas elei\u00e7\u00f5es seguintes para deputados federais, estaduais e vereadores. Nesse sistema, n\u00e3o h\u00e1 a necessidade de delimitar distritos eleitorais pelo Tribunal Superior Eleitoral (TSE). A pr\u00f3pria unidade da Federa\u00e7\u00e3o seria o distrito eleitoral.<\/p>\n<p>Entre as mudan\u00e7as aprovadas est\u00e3o o distrit\u00e3o puro, com elei\u00e7\u00e3o do candidato mais votado \u00a0sem levar em conta os votos do partido, como acontece hoje no sistema proporcional, para os cargos de deputados federais e estaduais nas pr\u00f3ximas elei\u00e7\u00f5es, a volta das coliga\u00e7\u00f5es partid\u00e1rias e a ado\u00e7\u00e3o do chamado \u201cvoto preferencial\u201d para presidente da Rep\u00fablica, governadores e prefeitos, a partir de 2024. Neste \u00faltimo item, o eleitor tem a possibilidade de indicar at\u00e9 cinco candidatos em ordem de prefer\u00eancia. Na apura\u00e7\u00e3o, ser\u00e3o contadas as op\u00e7\u00f5es dos eleitores at\u00e9 que algum candidato re\u00fana a maioria absoluta dos votos para chefe do Executivo.<\/p>\n<p><span style=\"font-weight: 400;\">Fonte: Ag\u00eancia Brasil \/ Ag\u00eancia C\u00e2mara<\/span><\/p>\n","protected":false},"excerpt":{"rendered":"<p>A comiss\u00e3o especial da C\u00e2mara dos Deputados que analisa a Proposta de Emenda \u00e0 Constitui\u00e7\u00e3o 125\/11, que trata do adiamento das elei\u00e7\u00f5es em datas pr\u00f3ximas a feriados, aprovou nesta segunda-feira (9) o relat\u00f3rio da deputada Renata Abreu. O texto original sofreu uma s\u00e9rie de modifica\u00e7\u00f5es ao longo de sua tramita\u00e7\u00e3o e prop\u00f5e a altera\u00e7\u00e3o de [&hellip;]<\/p>\n","protected":false},"author":246,"featured_media":186676,"comment_status":"closed","ping_status":"closed","sticky":false,"template":"","format":"standard","meta":{"footnotes":""},"categories":[440,254,439],"tags":[],"class_list":["post-186675","post","type-post","status-publish","format-standard","has-post-thumbnail","hentry","category-destaques-do-dia","category-politica","category-ultima-hora"],"_links":{"self":[{"href":"https:\/\/diarioregionaldigital.com.br\/index.php?rest_route=\/wp\/v2\/posts\/186675","targetHints":{"allow":["GET"]}}],"collection":[{"href":"https:\/\/diarioregionaldigital.com.br\/index.php?rest_route=\/wp\/v2\/posts"}],"about":[{"href":"https:\/\/diarioregionaldigital.com.br\/index.php?rest_route=\/wp\/v2\/types\/post"}],"author":[{"embeddable":true,"href":"https:\/\/diarioregionaldigital.com.br\/index.php?rest_route=\/wp\/v2\/users\/246"}],"replies":[{"embeddable":true,"href":"https:\/\/diarioregionaldigital.com.br\/index.php?rest_route=%2Fwp%2Fv2%2Fcomments&post=186675"}],"version-history":[{"count":2,"href":"https:\/\/diarioregionaldigital.com.br\/index.php?rest_route=\/wp\/v2\/posts\/186675\/revisions"}],"predecessor-version":[{"id":186678,"href":"https:\/\/diarioregionaldigital.com.br\/index.php?rest_route=\/wp\/v2\/posts\/186675\/revisions\/186678"}],"wp:featuredmedia":[{"embeddable":true,"href":"https:\/\/diarioregionaldigital.com.br\/index.php?rest_route=\/wp\/v2\/media\/186676"}],"wp:attachment":[{"href":"https:\/\/diarioregionaldigital.com.br\/index.php?rest_route=%2Fwp%2Fv2%2Fmedia&parent=186675"}],"wp:term":[{"taxonomy":"category","embeddable":true,"href":"https:\/\/diarioregionaldigital.com.br\/index.php?rest_route=%2Fwp%2Fv2%2Fcategories&post=186675"},{"taxonomy":"post_tag","embeddable":true,"href":"https:\/\/diarioregionaldigital.com.br\/index.php?rest_route=%2Fwp%2Fv2%2Ftags&post=186675"}],"curies":[{"name":"wp","href":"https:\/\/api.w.org\/{rel}","templated":true}]}}