{"id":186664,"date":"2021-08-10T17:50:08","date_gmt":"2021-08-10T20:50:08","guid":{"rendered":"https:\/\/diarioregionaldigital.com.br\/?p=186664"},"modified":"2021-08-10T17:50:08","modified_gmt":"2021-08-10T20:50:08","slug":"riscos-fiscais-levam-bc-a-adotar-politica-mais-contracionista","status":"publish","type":"post","link":"https:\/\/diarioregionaldigital.com.br\/?p=186664","title":{"rendered":"Riscos fiscais levam BC a adotar pol\u00edtica mais contracionista"},"content":{"rendered":"<p>Em meio \u00e0 perspectiva de uma recupera\u00e7\u00e3o econ\u00f4mica robusta no segundo semestre, os riscos fiscais e a piora recente em componentes inerciais dos \u00edndices de pre\u00e7os levaram o Banco Central a adotar uma pol\u00edtica monet\u00e1ria mais contracionista. A avalia\u00e7\u00e3o consta na ata da \u00faltima reuni\u00e3o do Comit\u00ea de Pol\u00edtica Monet\u00e1ria (Copom) do Banco Central (BC), divulgada hoje (10).<img decoding=\"async\" src=\"https:\/\/agenciabrasil.ebc.com.br\/ebc.png?id=1417965&amp;o=node\" \/><img decoding=\"async\" src=\"https:\/\/agenciabrasil.ebc.com.br\/ebc.gif?id=1417965&amp;o=node\" \/><\/p>\n<p>No encontro da semana passada, o Copom\u00a0<a href=\"https:\/\/agenciabrasil.ebc.com.br\/economia\/noticia\/2021-08\/copom-eleva-juros-basicos-da-economia-para-525-ao-ano\" target=\"_blank\" rel=\"noopener\">elevou a taxa b\u00e1sica de juros<\/a>\u00a0da economia, a Selic, de 4,25% para 5,25% ao ano e j\u00e1 sinalizou que deve fazer um ajuste da mesma magnitude na pr\u00f3xima reuni\u00e3o, em setembro, mantendo o ciclo de eleva\u00e7\u00e3o da taxa de juros para patamar acima do neutro, \u201cpara que se obtenha proje\u00e7\u00f5es em torno das metas de infla\u00e7\u00e3o no horizonte relevante\u201d. O juro neutro \u00e9 aquele adequado para estimular a economia sem gerar instabilidade na infla\u00e7\u00e3o ao longo do tempo.<\/p>\n<p>\u201cO comit\u00ea ponderou que os riscos fiscais continuam implicando um vi\u00e9s de alta nas proje\u00e7\u00f5es. Essa assimetria no balan\u00e7o de riscos afeta o grau apropriado de est\u00edmulo monet\u00e1rio, justificando assim uma trajet\u00f3ria para a pol\u00edtica monet\u00e1ria mais contracionista [de conter o avan\u00e7o da infla\u00e7\u00e3o] do que a utilizada no cen\u00e1rio b\u00e1sico\u201d, diz a ata.<\/p>\n<p>Para decidir sobre a eleva\u00e7\u00e3o da Selic, o comit\u00ea estabeleceu um cen\u00e1rio b\u00e1sico para a infla\u00e7\u00e3o, com as proje\u00e7\u00f5es em torno de 6,5% para 2021, 3,5% para 2022 e 3,2% para 2023. Esse cen\u00e1rio sup\u00f5e trajet\u00f3ria de juros que se eleva para 7% ao ano, em 2021 e 2022, e reduz-se para 6,5% ao ano em 2023. Nesse cen\u00e1rio, as proje\u00e7\u00f5es para a infla\u00e7\u00e3o de pre\u00e7os administrados s\u00e3o de 10% para 2021 e 4,6% para 2022 e 2023. O Copom adotou ainda uma hip\u00f3tese neutra para a bandeira tarif\u00e1ria de energia el\u00e9trica, que se mant\u00e9m em Vermelha &#8211; patamar 1, em dezembro de cada ano.<\/p>\n<p>A Selic \u00e9 o principal instrumento usado pelo Banco Central para alcan\u00e7ar a meta de infla\u00e7\u00e3o. A eleva\u00e7\u00e3o da Selic, que serve de refer\u00eancia para as demais taxas de juros no pa\u00eds, ajuda a controlar a infla\u00e7\u00e3o, porque a taxa causa reflexos nos pre\u00e7os, j\u00e1 que juros mais altos encarecem o cr\u00e9dito e estimulam a poupan\u00e7a, contendo a demanda aquecida.<\/p>\n<p><strong>Riscos<\/strong><\/p>\n<p>Para o BC, o cen\u00e1rio b\u00e1sico para a infla\u00e7\u00e3o envolve fatores de risco em ambas as dire\u00e7\u00f5es. \u201cPor um lado, uma poss\u00edvel revers\u00e3o, ainda que parcial, do aumento recente nos pre\u00e7os das\u00a0<em>commodities<\/em>\u00a0internacionais em moeda local produziria trajet\u00f3ria de infla\u00e7\u00e3o abaixo do cen\u00e1rio b\u00e1sico. Por outro lado, novos prolongamentos das pol\u00edticas fiscais de resposta \u00e0 pandemia de covid-19 que pressionem a demanda agregada e piorem a trajet\u00f3ria fiscal podem elevar os pr\u00eamios de risco do pa\u00eds\u201d, avaliou o Copom.<\/p>\n<p>\u201cApesar da melhora recente nos indicadores de sustentabilidade da d\u00edvida p\u00fablica, o risco fiscal elevado segue criando uma assimetria altista no balan\u00e7o de riscos, ou seja, com trajet\u00f3rias para a infla\u00e7\u00e3o acima do projetado no horizonte relevante para a pol\u00edtica monet\u00e1ria\u201d, completa a ata.<\/p>\n<p>De acordo com o documento, a infla\u00e7\u00e3o ao consumidor continua se revelando persistente e os \u00faltimos indicadores divulgados mostram composi\u00e7\u00e3o mais desfavor\u00e1vel de pre\u00e7os, como a \u201csurpresa com o componente subjacente da infla\u00e7\u00e3o de servi\u00e7os [em meio \u00e0 reabertura do setor] e a continuidade da press\u00e3o sobre bens industriais, causando eleva\u00e7\u00e3o dos n\u00facleos\u201d. \u201cAl\u00e9m disso, h\u00e1 novas press\u00f5es em componentes vol\u00e1teis, como a poss\u00edvel eleva\u00e7\u00e3o do adicional da bandeira tarif\u00e1ria e os novos aumentos nos pre\u00e7os de alimentos, ambos decorrentes de condi\u00e7\u00f5es clim\u00e1ticas adversas. Em conjunto, esses fatores acarretam revis\u00e3o significativa das proje\u00e7\u00f5es de curto prazo\u201d, diz a ata.<\/p>\n<p>Nesse sentido, o Copom considera que, neste momento, a estrat\u00e9gia de ser \u201cmais tempestivo\u201d no ajuste da pol\u00edtica monet\u00e1ria \u00e9 a mais apropriada para assegurar a converg\u00eancia da infla\u00e7\u00e3o para as metas de 2022 e 2023. \u201cSem preju\u00edzo de seu objetivo fundamental de assegurar a estabilidade de pre\u00e7os, essa decis\u00e3o tamb\u00e9m implica suaviza\u00e7\u00e3o das flutua\u00e7\u00f5es do n\u00edvel de atividade econ\u00f4mica e fomento do pleno emprego\u201d, diz.<\/p>\n<p><strong>Recupera\u00e7\u00e3o da economia<\/strong><\/p>\n<p>De acordo com a ata, os \u00faltimos dados sobre a evolu\u00e7\u00e3o da atividade econ\u00f4mica do pa\u00eds continuam evoluindo positivamente. Para o Copom, o segundo semestre do ano deve mostrar uma retomada robusta da atividade, na medida em que os efeitos da vacina\u00e7\u00e3o sejam sentidos de forma mais abrangente.<\/p>\n<p>Por outro lado, embora a ociosidade da atividade como um todo evolua rapidamente para retornar ao n\u00edvel do fim de 2019, \u201co comit\u00ea considera que a pandemia ainda segue produzindo efeitos heterog\u00eaneos sobre os setores econ\u00f4micos e, em particular, sobre o mercado de trabalho, com consequ\u00eancias para a din\u00e2mica recente e prospectiva da infla\u00e7\u00e3o\u201d.<\/p>\n<p><em>Mat\u00e9ria alterada \u00e0s 11h38 para alterar data no primeiro par\u00e1grafo. Ata do Copom foi divulgada\u00a0<strong>hoje (10)<\/strong>\u00a0e n\u00e3o\u00a0<strong>hoje (23)<\/strong>, como publicado inicialmente.<\/p>\n<p><\/em>Fonte: Ag\u00eancia Brasil<em><br \/>\n<\/em><\/p>\n","protected":false},"excerpt":{"rendered":"<p>Em meio \u00e0 perspectiva de uma recupera\u00e7\u00e3o econ\u00f4mica robusta no segundo semestre, os riscos fiscais e a piora recente em componentes inerciais dos \u00edndices de pre\u00e7os levaram o Banco Central a adotar uma pol\u00edtica monet\u00e1ria mais contracionista. A avalia\u00e7\u00e3o consta na ata da \u00faltima reuni\u00e3o do Comit\u00ea de Pol\u00edtica Monet\u00e1ria (Copom) do Banco Central (BC), [&hellip;]<\/p>\n","protected":false},"author":246,"featured_media":186665,"comment_status":"closed","ping_status":"closed","sticky":false,"template":"","format":"standard","meta":{"footnotes":""},"categories":[436,261,439],"tags":[],"class_list":["post-186664","post","type-post","status-publish","format-standard","has-post-thumbnail","hentry","category-destaque-da-semana","category-economia","category-ultima-hora"],"_links":{"self":[{"href":"https:\/\/diarioregionaldigital.com.br\/index.php?rest_route=\/wp\/v2\/posts\/186664","targetHints":{"allow":["GET"]}}],"collection":[{"href":"https:\/\/diarioregionaldigital.com.br\/index.php?rest_route=\/wp\/v2\/posts"}],"about":[{"href":"https:\/\/diarioregionaldigital.com.br\/index.php?rest_route=\/wp\/v2\/types\/post"}],"author":[{"embeddable":true,"href":"https:\/\/diarioregionaldigital.com.br\/index.php?rest_route=\/wp\/v2\/users\/246"}],"replies":[{"embeddable":true,"href":"https:\/\/diarioregionaldigital.com.br\/index.php?rest_route=%2Fwp%2Fv2%2Fcomments&post=186664"}],"version-history":[{"count":2,"href":"https:\/\/diarioregionaldigital.com.br\/index.php?rest_route=\/wp\/v2\/posts\/186664\/revisions"}],"predecessor-version":[{"id":186667,"href":"https:\/\/diarioregionaldigital.com.br\/index.php?rest_route=\/wp\/v2\/posts\/186664\/revisions\/186667"}],"wp:featuredmedia":[{"embeddable":true,"href":"https:\/\/diarioregionaldigital.com.br\/index.php?rest_route=\/wp\/v2\/media\/186665"}],"wp:attachment":[{"href":"https:\/\/diarioregionaldigital.com.br\/index.php?rest_route=%2Fwp%2Fv2%2Fmedia&parent=186664"}],"wp:term":[{"taxonomy":"category","embeddable":true,"href":"https:\/\/diarioregionaldigital.com.br\/index.php?rest_route=%2Fwp%2Fv2%2Fcategories&post=186664"},{"taxonomy":"post_tag","embeddable":true,"href":"https:\/\/diarioregionaldigital.com.br\/index.php?rest_route=%2Fwp%2Fv2%2Ftags&post=186664"}],"curies":[{"name":"wp","href":"https:\/\/api.w.org\/{rel}","templated":true}]}}