{"id":186660,"date":"2021-08-10T17:45:51","date_gmt":"2021-08-10T20:45:51","guid":{"rendered":"https:\/\/diarioregionaldigital.com.br\/?p=186660"},"modified":"2021-08-10T17:45:51","modified_gmt":"2021-08-10T20:45:51","slug":"estimativa-da-safra-de-graos-cai-12-para-254-milhoes-de-toneladas","status":"publish","type":"post","link":"https:\/\/diarioregionaldigital.com.br\/?p=186660","title":{"rendered":"Estimativa da safra de gr\u00e3os cai 1,2%, para 254 milh\u00f5es de toneladas"},"content":{"rendered":"<p>A produ\u00e7\u00e3o de gr\u00e3os no Brasil dever\u00e1 ficar em 254 milh\u00f5es de toneladas, segundo o 11\u00ba Levantamento da Safra de Gr\u00e3os 2020\/2021 divulgado hoje (10) pela Companhia Nacional de Abastecimento (Conab). A previs\u00e3o apresenta uma queda de 1,2%, na compara\u00e7\u00e3o com o levantamento anterior. De acordo com a Conab, o volume menor se deve ao impacto causado pelo clima adverso nas lavouras e na produ\u00e7\u00e3o do pa\u00eds.<img decoding=\"async\" src=\"https:\/\/agenciabrasil.ebc.com.br\/ebc.png?id=1417966&amp;o=node\" \/><img decoding=\"async\" src=\"https:\/\/agenciabrasil.ebc.com.br\/ebc.gif?id=1417966&amp;o=node\" \/><\/p>\n<p>Segundo a companhia, \u201capesar de ter havido aumento de \u00e1rea plantada em mais de 4%, a redu\u00e7\u00e3o se deve, principalmente, \u00e0 queda das produtividades estimadas nas culturas de segunda safra, justificada pelos danos causados pela seca prolongada nas principais regi\u00f5es produtoras, bem como \u00e0s baixas temperaturas com eventos de geadas ocorridas nos estados da regi\u00e3o centro-sul do pa\u00eds\u201d.<\/p>\n<p><strong>Milho<\/strong><\/p>\n<p>O milho foi uma das culturas mais afetadas, com uma queda de produtividade estimada em 25,7%. A previs\u00e3o \u00e9 de que sejam colhidos 4.065 quilos por hectare somente na segunda safra do cereal. A produ\u00e7\u00e3o total estimada pela Conab deve chegar a 86,7 milh\u00f5es de toneladas, sendo 24,9 milh\u00f5es de toneladas na primeira safra, 60,3 milh\u00f5es de toneladas na segunda e 1,4 milh\u00e3o de toneladas na terceira safra.<\/p>\n<p>\u201cA redu\u00e7\u00e3o s\u00f3 n\u00e3o foi maior porque os altos pre\u00e7os do gr\u00e3o impulsionaram um aumento de \u00e1rea plantada em 8,1%, chegando a 14,87 milh\u00f5es de hectares. Al\u00e9m disso, Mato Grosso, principal estado produtor, foi o que menos registrou condi\u00e7\u00f5es clim\u00e1ticas adversas durante o cultivo do cereal\u201d, informou a Conab.<\/p>\n<p><strong>Soja, arroz e feij\u00e3o<\/strong><\/p>\n<p>Com a colheita j\u00e1 encerrada, a soja registrou uma eleva\u00e7\u00e3o de 11,1 milh\u00f5es de toneladas na produ\u00e7\u00e3o, o que manteve o Brasil como o maior produtor mundial da oleaginosa. A colheita desse gr\u00e3o foi recorde, com 135,9 milh\u00f5es de toneladas.<\/p>\n<p>No caso do arroz, a produ\u00e7\u00e3o registrou crescimento de 5% na compara\u00e7\u00e3o com o per\u00edodo anterior, e chegou a 11,74 milh\u00f5es de toneladas. O feij\u00e3o, segundo a companhia, tem as aten\u00e7\u00f5es voltadas para sua terceira safra, ainda em fase inicial de colheita. A Conab prev\u00ea uma produ\u00e7\u00e3o total de 2,94 milh\u00f5es de toneladas, n\u00famero 8,8% menor que da safra anterior (2019\/2020), que sofreu impacto da seca em suas principais regi\u00f5es produtoras.<\/p>\n<p><strong>Trigo<\/strong><\/p>\n<p>A produ\u00e7\u00e3o estimada de trigo \u00e9 de 8,6 milh\u00f5es de toneladas, o que, se confirmado, tamb\u00e9m representa recorde. \u201cCom o plantio j\u00e1 encerrado, o gr\u00e3o apresenta um expressivo crescimento na \u00e1rea de 15,1%, situando-se em 2,7 milh\u00f5es de hectares. Os pre\u00e7os elevados no mercado internacional nos \u00faltimos anos incentivaram a maior procura pelos produtores. Aliado \u00e0 valoriza\u00e7\u00e3o externa, o alto custo do milho no cen\u00e1rio nacional tamb\u00e9m incentivou o cultivo do trigo, por ser um poss\u00edvel substituto para ra\u00e7\u00e3o animal\u201d, informou a Conab.<\/p>\n<p>A companhia, no entanto, alerta que os n\u00fameros poder\u00e3o sofrer altera\u00e7\u00f5es devido a quest\u00f5es clim\u00e1ticas, como as geadas que t\u00eam sido registradas nas principais regi\u00f5es produtoras do pa\u00eds, ainda n\u00e3o quantificadas pela Conab.<\/p>\n<p><strong>Exporta\u00e7\u00e3o<\/strong><\/p>\n<p>Em meio a um \u201ccen\u00e1rio positivo no mercado internacional\u201d, o algod\u00e3o teve sua previs\u00e3o de exporta\u00e7\u00e3o aumentada em termos de volume do produto em fibra. A Conab prev\u00ea que o aumento ser\u00e1 de 4,69%, na compara\u00e7\u00e3o com a estimativa anterior.<\/p>\n<p>J\u00e1 as previs\u00f5es de exporta\u00e7\u00e3o de milho e soja foram reduzidas. No caso da soja foi observado ao longo do ano \u201cbaixo percentual comercializado\u201d. Dessa forma, as exporta\u00e7\u00f5es, que estavam estimadas em 86,69 milh\u00f5es de toneladas, ca\u00edram para 83,42 milh\u00f5es de toneladas.<\/p>\n<p>No caso do milho, a previs\u00e3o \u00e9 de uma queda de 20% nas exporta\u00e7\u00f5es, o que, segundo a Conab, corresponde a 23,5 milh\u00f5es de toneladas ao final da safra. \u201cPor outro lado, a proje\u00e7\u00e3o de importa\u00e7\u00e3o manteve-se inalterada em 2,3 milh\u00f5es de toneladas\u201d, disse a companhia.<\/p>\n<p><span style=\"font-weight: 400;\">Fonte: Ag\u00eancia Brasil <\/span><\/p>\n","protected":false},"excerpt":{"rendered":"<p>A produ\u00e7\u00e3o de gr\u00e3os no Brasil dever\u00e1 ficar em 254 milh\u00f5es de toneladas, segundo o 11\u00ba Levantamento da Safra de Gr\u00e3os 2020\/2021 divulgado hoje (10) pela Companhia Nacional de Abastecimento (Conab). A previs\u00e3o apresenta uma queda de 1,2%, na compara\u00e7\u00e3o com o levantamento anterior. De acordo com a Conab, o volume menor se deve ao [&hellip;]<\/p>\n","protected":false},"author":246,"featured_media":186661,"comment_status":"closed","ping_status":"closed","sticky":false,"template":"","format":"standard","meta":{"footnotes":""},"categories":[440,261,439],"tags":[],"class_list":["post-186660","post","type-post","status-publish","format-standard","has-post-thumbnail","hentry","category-destaques-do-dia","category-economia","category-ultima-hora"],"_links":{"self":[{"href":"https:\/\/diarioregionaldigital.com.br\/index.php?rest_route=\/wp\/v2\/posts\/186660","targetHints":{"allow":["GET"]}}],"collection":[{"href":"https:\/\/diarioregionaldigital.com.br\/index.php?rest_route=\/wp\/v2\/posts"}],"about":[{"href":"https:\/\/diarioregionaldigital.com.br\/index.php?rest_route=\/wp\/v2\/types\/post"}],"author":[{"embeddable":true,"href":"https:\/\/diarioregionaldigital.com.br\/index.php?rest_route=\/wp\/v2\/users\/246"}],"replies":[{"embeddable":true,"href":"https:\/\/diarioregionaldigital.com.br\/index.php?rest_route=%2Fwp%2Fv2%2Fcomments&post=186660"}],"version-history":[{"count":2,"href":"https:\/\/diarioregionaldigital.com.br\/index.php?rest_route=\/wp\/v2\/posts\/186660\/revisions"}],"predecessor-version":[{"id":186663,"href":"https:\/\/diarioregionaldigital.com.br\/index.php?rest_route=\/wp\/v2\/posts\/186660\/revisions\/186663"}],"wp:featuredmedia":[{"embeddable":true,"href":"https:\/\/diarioregionaldigital.com.br\/index.php?rest_route=\/wp\/v2\/media\/186661"}],"wp:attachment":[{"href":"https:\/\/diarioregionaldigital.com.br\/index.php?rest_route=%2Fwp%2Fv2%2Fmedia&parent=186660"}],"wp:term":[{"taxonomy":"category","embeddable":true,"href":"https:\/\/diarioregionaldigital.com.br\/index.php?rest_route=%2Fwp%2Fv2%2Fcategories&post=186660"},{"taxonomy":"post_tag","embeddable":true,"href":"https:\/\/diarioregionaldigital.com.br\/index.php?rest_route=%2Fwp%2Fv2%2Ftags&post=186660"}],"curies":[{"name":"wp","href":"https:\/\/api.w.org\/{rel}","templated":true}]}}